{"id":1745,"date":"2019-02-13T10:02:19","date_gmt":"2019-02-13T10:02:19","guid":{"rendered":"http:\/\/www.kyrioschms.com\/?p=1745"},"modified":"2019-02-13T23:50:06","modified_gmt":"2019-02-13T23:50:06","slug":"o-papa-francisco-e-a-tecnologia-nas-jmj-e-na-mensagem-para-o-dia-mundial-das-comunicacoes-sociais","status":"publish","type":"post","link":"http:\/\/www.kyrioschms.com\/pt\/o-papa-francisco-e-a-tecnologia-nas-jmj-e-na-mensagem-para-o-dia-mundial-das-comunicacoes-sociais\/","title":{"rendered":"O Papa Francisco e a tecnologia nas JMJ e na mensagem para o Dia Mundial das Comunica\u00e7\u00f5es Sociais"},"content":{"rendered":"<div class=\"elementor-element elementor-element-535c8bf elementor-widget elementor-widget-themo-call-to-action\" data-id=\"535c8bf\" data-element_type=\"themo-call-to-action.default\">\n<div class=\"elementor-widget-container\">\n<div class=\"th-cta\">\n<div class=\"th-cta-text\"><a class=\"btn-1 btn th-btn btn-standard-primary\" href=\"http:\/\/eepurl.com\/dIVng1\" target=\"_blank\" rel=\"noopener\"><img data-recalc-dims=\"1\" decoding=\"async\" class=\"alignnone wp-image-1365\" src=\"https:\/\/i0.wp.com\/www.kyrioschms.com\/wp-content\/uploads\/2018\/12\/newsletter-150x150.png?resize=50%2C50\" alt=\"\" width=\"50\" height=\"50\" srcset=\"\/\/i0.wp.com\/www.kyrioschms.com\/wp-content\/uploads\/2018\/12\/newsletter.png?resize=150%2C150&amp;ssl=1 150w, \/\/i0.wp.com\/www.kyrioschms.com\/wp-content\/uploads\/2018\/12\/newsletter.png?resize=300%2C300&amp;ssl=1 300w, \/\/i0.wp.com\/www.kyrioschms.com\/wp-content\/uploads\/2018\/12\/newsletter.png?resize=100%2C100&amp;ssl=1 100w, \/\/i0.wp.com\/www.kyrioschms.com\/wp-content\/uploads\/2018\/12\/newsletter.png?resize=600%2C600&amp;ssl=1 600w, \/\/i0.wp.com\/www.kyrioschms.com\/wp-content\/uploads\/2018\/12\/newsletter.png?resize=80%2C80&amp;ssl=1 80w, \/\/i0.wp.com\/www.kyrioschms.com\/wp-content\/uploads\/2018\/12\/newsletter.png?resize=394%2C394&amp;ssl=1 394w, \/\/i0.wp.com\/www.kyrioschms.com\/wp-content\/uploads\/2018\/12\/newsletter.png?resize=303%2C303&amp;ssl=1 303w, \/\/i0.wp.com\/www.kyrioschms.com\/wp-content\/uploads\/2018\/12\/newsletter.png?resize=605%2C605&amp;ssl=1 605w, \/\/i0.wp.com\/www.kyrioschms.com\/wp-content\/uploads\/2018\/12\/newsletter.png?resize=700%2C700&amp;ssl=1 700w, \/\/i0.wp.com\/www.kyrioschms.com\/wp-content\/uploads\/2018\/12\/newsletter.png?w=720&amp;ssl=1 720w\" sizes=\"(max-width: 50px) 100vw, 50px\" \/>\u00a0Subscreva a newsletter<\/a><\/div>\n<\/div>\n<\/div>\n<\/div>\n<p>&nbsp;<\/p>\n<p>As Jornadas Mundiais da Juventude, que aconteceram no Panam\u00e1 em Janeiro, tecnologicamente foram marcadas pelo momento em que o Papa Francisco na pra\u00e7a de S. Pedro, no Vaticano, anunciou ter criado a sua conta de utilizador no <a href=\"https:\/\/clicktopray.org\/\" target=\"_blank\" rel=\"noopener\">Click To Pray<\/a>.<\/p>\n<p><img data-recalc-dims=\"1\" fetchpriority=\"high\" decoding=\"async\" class=\"aligncenter wp-image-1748 size-large\" src=\"https:\/\/i0.wp.com\/www.kyrioschms.com\/wp-content\/uploads\/2019\/02\/writing-work-hand-screen-typing-read-670665-pxhere.com_-1024x683.jpg?resize=800%2C534\" alt=\"\" width=\"800\" height=\"534\" srcset=\"\/\/i0.wp.com\/www.kyrioschms.com\/wp-content\/uploads\/2019\/02\/writing-work-hand-screen-typing-read-670665-pxhere.com_-scaled.jpg?resize=1024%2C683&amp;ssl=1 1024w, \/\/i0.wp.com\/www.kyrioschms.com\/wp-content\/uploads\/2019\/02\/writing-work-hand-screen-typing-read-670665-pxhere.com_-scaled.jpg?resize=600%2C400&amp;ssl=1 600w, \/\/i0.wp.com\/www.kyrioschms.com\/wp-content\/uploads\/2019\/02\/writing-work-hand-screen-typing-read-670665-pxhere.com_-scaled.jpg?resize=300%2C200&amp;ssl=1 300w, \/\/i0.wp.com\/www.kyrioschms.com\/wp-content\/uploads\/2019\/02\/writing-work-hand-screen-typing-read-670665-pxhere.com_-scaled.jpg?resize=768%2C512&amp;ssl=1 768w, \/\/i0.wp.com\/www.kyrioschms.com\/wp-content\/uploads\/2019\/02\/writing-work-hand-screen-typing-read-670665-pxhere.com_-scaled.jpg?resize=56%2C37&amp;ssl=1 56w, \/\/i0.wp.com\/www.kyrioschms.com\/wp-content\/uploads\/2019\/02\/writing-work-hand-screen-typing-read-670665-pxhere.com_-scaled.jpg?resize=120%2C80&amp;ssl=1 120w, \/\/i0.wp.com\/www.kyrioschms.com\/wp-content\/uploads\/2019\/02\/writing-work-hand-screen-typing-read-670665-pxhere.com_-scaled.jpg?resize=394%2C263&amp;ssl=1 394w, \/\/i0.wp.com\/www.kyrioschms.com\/wp-content\/uploads\/2019\/02\/writing-work-hand-screen-typing-read-670665-pxhere.com_-scaled.jpg?resize=915%2C610&amp;ssl=1 915w, \/\/i0.wp.com\/www.kyrioschms.com\/wp-content\/uploads\/2019\/02\/writing-work-hand-screen-typing-read-670665-pxhere.com_-scaled.jpg?resize=1240%2C827&amp;ssl=1 1240w, \/\/i0.wp.com\/www.kyrioschms.com\/wp-content\/uploads\/2019\/02\/writing-work-hand-screen-typing-read-670665-pxhere.com_-scaled.jpg?resize=1620%2C1080&amp;ssl=1 1620w, \/\/i0.wp.com\/www.kyrioschms.com\/wp-content\/uploads\/2019\/02\/writing-work-hand-screen-typing-read-670665-pxhere.com_-scaled.jpg?w=2400&amp;ssl=1 2400w\" sizes=\"(max-width: 800px) 100vw, 800px\" \/><\/p>\n<p><strong>O Papa Francisco utiliza um tablet e diz<\/strong><\/p>\n<blockquote><p>\u201cA rede pode nos ajudar a rezar juntos. Por isso, gostaria de apresentar o aplicativo oficial da Rede Mundial de Ora\u00e7\u00e3o do Papa: \u2018Click To Pray\u2019\u201d.<\/p><\/blockquote>\n<p>Este foi sem d\u00favida um momento hist\u00f3rico, pois mostra o quanto a presen\u00e7a online \u00e9 importante para a Igreja nos dias de hoje.<\/p>\n<p>A App Click To Pray foi, sem d\u00favida, uma novidade que a Rede Mundial de Ora\u00e7\u00e3o do Papa deu \u00e0 Igreja e, sendo assumido pelo Papa como um ve\u00edculo fundamental para a Ora\u00e7\u00e3o nos dias de hoje, mostra claramente como a tecnologia \u00e9 parte integrante de todos n\u00f3s.<\/p>\n<p><img data-recalc-dims=\"1\" decoding=\"async\" class=\"aligncenter wp-image-1749 size-large\" src=\"https:\/\/i0.wp.com\/www.kyrioschms.com\/wp-content\/uploads\/2019\/02\/JMJ_2013-_789_dos_participantes_avaliam_a_seguranc%CC%A7a_pu%CC%81blica_como_sendo_o%CC%81timo_ou_bom_9418441180-1024x683.jpg?resize=800%2C534\" alt=\"\" width=\"800\" height=\"534\" srcset=\"\/\/i0.wp.com\/www.kyrioschms.com\/wp-content\/uploads\/2019\/02\/JMJ_2013-_789_dos_participantes_avaliam_a_seguranc%CC%A7a_pu%CC%81blica_como_sendo_o%CC%81timo_ou_bom_9418441180-scaled.jpg?resize=1024%2C683&amp;ssl=1 1024w, \/\/i0.wp.com\/www.kyrioschms.com\/wp-content\/uploads\/2019\/02\/JMJ_2013-_789_dos_participantes_avaliam_a_seguranc%CC%A7a_pu%CC%81blica_como_sendo_o%CC%81timo_ou_bom_9418441180-scaled.jpg?resize=600%2C400&amp;ssl=1 600w, \/\/i0.wp.com\/www.kyrioschms.com\/wp-content\/uploads\/2019\/02\/JMJ_2013-_789_dos_participantes_avaliam_a_seguranc%CC%A7a_pu%CC%81blica_como_sendo_o%CC%81timo_ou_bom_9418441180-scaled.jpg?resize=300%2C200&amp;ssl=1 300w, \/\/i0.wp.com\/www.kyrioschms.com\/wp-content\/uploads\/2019\/02\/JMJ_2013-_789_dos_participantes_avaliam_a_seguranc%CC%A7a_pu%CC%81blica_como_sendo_o%CC%81timo_ou_bom_9418441180-scaled.jpg?resize=768%2C512&amp;ssl=1 768w, \/\/i0.wp.com\/www.kyrioschms.com\/wp-content\/uploads\/2019\/02\/JMJ_2013-_789_dos_participantes_avaliam_a_seguranc%CC%A7a_pu%CC%81blica_como_sendo_o%CC%81timo_ou_bom_9418441180-scaled.jpg?resize=56%2C37&amp;ssl=1 56w, \/\/i0.wp.com\/www.kyrioschms.com\/wp-content\/uploads\/2019\/02\/JMJ_2013-_789_dos_participantes_avaliam_a_seguranc%CC%A7a_pu%CC%81blica_como_sendo_o%CC%81timo_ou_bom_9418441180-scaled.jpg?resize=120%2C80&amp;ssl=1 120w, \/\/i0.wp.com\/www.kyrioschms.com\/wp-content\/uploads\/2019\/02\/JMJ_2013-_789_dos_participantes_avaliam_a_seguranc%CC%A7a_pu%CC%81blica_como_sendo_o%CC%81timo_ou_bom_9418441180-scaled.jpg?resize=394%2C263&amp;ssl=1 394w, \/\/i0.wp.com\/www.kyrioschms.com\/wp-content\/uploads\/2019\/02\/JMJ_2013-_789_dos_participantes_avaliam_a_seguranc%CC%A7a_pu%CC%81blica_como_sendo_o%CC%81timo_ou_bom_9418441180-scaled.jpg?resize=915%2C610&amp;ssl=1 915w, \/\/i0.wp.com\/www.kyrioschms.com\/wp-content\/uploads\/2019\/02\/JMJ_2013-_789_dos_participantes_avaliam_a_seguranc%CC%A7a_pu%CC%81blica_como_sendo_o%CC%81timo_ou_bom_9418441180-scaled.jpg?resize=1240%2C827&amp;ssl=1 1240w, \/\/i0.wp.com\/www.kyrioschms.com\/wp-content\/uploads\/2019\/02\/JMJ_2013-_789_dos_participantes_avaliam_a_seguranc%CC%A7a_pu%CC%81blica_como_sendo_o%CC%81timo_ou_bom_9418441180-scaled.jpg?resize=1620%2C1080&amp;ssl=1 1620w, \/\/i0.wp.com\/www.kyrioschms.com\/wp-content\/uploads\/2019\/02\/JMJ_2013-_789_dos_participantes_avaliam_a_seguranc%CC%A7a_pu%CC%81blica_como_sendo_o%CC%81timo_ou_bom_9418441180-scaled.jpg?w=2400&amp;ssl=1 2400w\" sizes=\"(max-width: 800px) 100vw, 800px\" \/><\/p>\n<p>Aproveitou e lembrou tamb\u00e9m que em breve iria publicar a Mensagem para o Dia Mundial das Comunica\u00e7\u00f5es Sociais, que acabou por acontecer no passado dia 24 de Janeiro (<a href=\"http:\/\/w2.vatican.va\/content\/francesco\/pt\/messages\/communications\/documents\/papa-francesco_20190124_messaggio-comunicazioni-sociali.html\">leia aqui<\/a>).<\/p>\n<p>Deste texto, transcrevemos particularmente este excerto:<\/p>\n<p><strong>Do \u00ablike\u00bb ao \u00abamen\u00bb<\/strong><\/p>\n<blockquote><p>\u201cA imagem do corpo e dos membros recorda-nos que o uso da\u00a0social web\u00a0\u00e9 complementar do encontro em carne e osso, vivido atrav\u00e9s do corpo, do cora\u00e7\u00e3o, dos olhos, da contempla\u00e7\u00e3o, da respira\u00e7\u00e3o do outro. Se a rede for usada como prolongamento ou expeta\u00e7\u00e3o de tal encontro, ent\u00e3o n\u00e3o se atrai\u00e7oa a si mesma e permanece um recurso para a comunh\u00e3o. Se uma fam\u00edlia utiliza a rede para estar mais conectada, para depois se encontrar \u00e0 mesa e olhar-se olhos nos olhos, ent\u00e3o \u00e9 um recurso. Se uma comunidade eclesial coordena a sua atividade atrav\u00e9s da rede, para depois celebrar juntos a Eucaristia, ent\u00e3o \u00e9 um recurso. Se a rede \u00e9 uma oportunidade para me aproximar de casos e experi\u00eancias de bondade ou de sofrimento distantes fisicamente de mim, para rezar juntos e, juntos, buscar o bem na descoberta daquilo que nos une, ent\u00e3o \u00e9 um recurso.<\/p>\n<p>Assim, podemos passar do diagn\u00f3stico \u00e0 terapia: abrir o caminho ao di\u00e1logo, ao encontro, ao sorriso, ao carinho&#8230; Esta \u00e9 a rede que queremos: uma rede feita, n\u00e3o para capturar, mas para libertar, para preservar uma comunh\u00e3o de pessoas livres. A pr\u00f3pria Igreja \u00e9 uma rede tecida pela Comunh\u00e3o Eucar\u00edstica, onde a uni\u00e3o n\u00e3o se baseia nos gostos [\u00ablike\u00bb], mas na verdade, no \u00abamen\u00bb\u00a0com que cada um adere ao Corpo de Cristo, acolhendo os outros.\u201d<\/p><\/blockquote>\n<p>Olhando para estes dois grandes momentos de comunica\u00e7\u00e3o, comunh\u00e3o e comunidade facilmente se percebe que o futuro passa sempre pelas pessoas e ir ao seu encontro \u00e9 parte fundamental da Igreja.<\/p>\n<p><img data-recalc-dims=\"1\" loading=\"lazy\" decoding=\"async\" class=\"wp-image-1750 size-large\" src=\"https:\/\/i0.wp.com\/www.kyrioschms.com\/wp-content\/uploads\/2019\/02\/16752085669_b8eb2b316c_o-1024x683.jpg?resize=800%2C534\" alt=\"\" width=\"800\" height=\"534\" srcset=\"\/\/i0.wp.com\/www.kyrioschms.com\/wp-content\/uploads\/2019\/02\/16752085669_b8eb2b316c_o.jpg?resize=1024%2C683&amp;ssl=1 1024w, \/\/i0.wp.com\/www.kyrioschms.com\/wp-content\/uploads\/2019\/02\/16752085669_b8eb2b316c_o.jpg?resize=600%2C400&amp;ssl=1 600w, \/\/i0.wp.com\/www.kyrioschms.com\/wp-content\/uploads\/2019\/02\/16752085669_b8eb2b316c_o.jpg?resize=300%2C200&amp;ssl=1 300w, \/\/i0.wp.com\/www.kyrioschms.com\/wp-content\/uploads\/2019\/02\/16752085669_b8eb2b316c_o.jpg?resize=768%2C512&amp;ssl=1 768w, \/\/i0.wp.com\/www.kyrioschms.com\/wp-content\/uploads\/2019\/02\/16752085669_b8eb2b316c_o.jpg?resize=55%2C37&amp;ssl=1 55w, \/\/i0.wp.com\/www.kyrioschms.com\/wp-content\/uploads\/2019\/02\/16752085669_b8eb2b316c_o.jpg?resize=120%2C80&amp;ssl=1 120w, \/\/i0.wp.com\/www.kyrioschms.com\/wp-content\/uploads\/2019\/02\/16752085669_b8eb2b316c_o.jpg?resize=394%2C263&amp;ssl=1 394w, \/\/i0.wp.com\/www.kyrioschms.com\/wp-content\/uploads\/2019\/02\/16752085669_b8eb2b316c_o.jpg?resize=915%2C610&amp;ssl=1 915w, \/\/i0.wp.com\/www.kyrioschms.com\/wp-content\/uploads\/2019\/02\/16752085669_b8eb2b316c_o.jpg?resize=1240%2C827&amp;ssl=1 1240w, \/\/i0.wp.com\/www.kyrioschms.com\/wp-content\/uploads\/2019\/02\/16752085669_b8eb2b316c_o.jpg?resize=1619%2C1080&amp;ssl=1 1619w, \/\/i0.wp.com\/www.kyrioschms.com\/wp-content\/uploads\/2019\/02\/16752085669_b8eb2b316c_o.jpg?w=1964&amp;ssl=1 1964w\" sizes=\"(max-width: 800px) 100vw, 800px\" \/><\/p>\n<p><strong>O Kyrios ChMS tem na sua base a gest\u00e3o e comunica\u00e7\u00e3o para a Igreja<\/strong><\/p>\n<p>Desde o seu nascimento que os vetores principais do Kyrios ChMS s\u00e3o ajudar a Igreja e todos os seus intervenientes, desde as Par\u00f3quias, \u00e0s Institui\u00e7\u00f5es, bem como a qualquer grupo de jovens, a evoluir e a acompanhar os novos tempos, as novas tend\u00eancias e toda esta evolu\u00e7\u00e3o que muda constantemente a forma de comunicar e viver em comunidade.<\/p>\n<p>No Kyrios encontram as ferramentas e equipa que o podem ajudar a dar este salto, para que possa melhorar a sua organiza\u00e7\u00e3o, com a gest\u00e3o normal como tesouraria, fam\u00edlias ou processos, mas tamb\u00e9m com a parte da comunica\u00e7\u00e3o com as P\u00e1ginas Internet, Newsletters e App, com liga\u00e7\u00f5es para as redes sociais, tornando-se um HUB de gest\u00e3o centralizada de todas as ferramentas que s\u00e3o utilizadas pelas comunidades, possibilitando que consiga tamb\u00e9m estar presente, acompanhar e evoluir em conjunto.<\/p>\n<p><img data-recalc-dims=\"1\" loading=\"lazy\" decoding=\"async\" class=\"alignnone wp-image-874 size-large\" src=\"https:\/\/i0.wp.com\/www.kyrioschms.com\/wp-content\/uploads\/2018\/06\/slide_woman_kyrios-1024x400.jpg?resize=800%2C313\" alt=\"\" width=\"800\" height=\"313\" srcset=\"\/\/i0.wp.com\/www.kyrioschms.com\/wp-content\/uploads\/2018\/06\/slide_woman_kyrios.jpg?resize=1024%2C400&amp;ssl=1 1024w, \/\/i0.wp.com\/www.kyrioschms.com\/wp-content\/uploads\/2018\/06\/slide_woman_kyrios.jpg?resize=600%2C234&amp;ssl=1 600w, \/\/i0.wp.com\/www.kyrioschms.com\/wp-content\/uploads\/2018\/06\/slide_woman_kyrios.jpg?resize=300%2C117&amp;ssl=1 300w, \/\/i0.wp.com\/www.kyrioschms.com\/wp-content\/uploads\/2018\/06\/slide_woman_kyrios.jpg?resize=768%2C300&amp;ssl=1 768w, \/\/i0.wp.com\/www.kyrioschms.com\/wp-content\/uploads\/2018\/06\/slide_woman_kyrios.jpg?resize=256%2C100&amp;ssl=1 256w, \/\/i0.wp.com\/www.kyrioschms.com\/wp-content\/uploads\/2018\/06\/slide_woman_kyrios.jpg?resize=205%2C80&amp;ssl=1 205w, \/\/i0.wp.com\/www.kyrioschms.com\/wp-content\/uploads\/2018\/06\/slide_woman_kyrios.jpg?resize=394%2C154&amp;ssl=1 394w, \/\/i0.wp.com\/www.kyrioschms.com\/wp-content\/uploads\/2018\/06\/slide_woman_kyrios.jpg?resize=915%2C357&amp;ssl=1 915w, \/\/i0.wp.com\/www.kyrioschms.com\/wp-content\/uploads\/2018\/06\/slide_woman_kyrios.jpg?resize=1240%2C484&amp;ssl=1 1240w, \/\/i0.wp.com\/www.kyrioschms.com\/wp-content\/uploads\/2018\/06\/slide_woman_kyrios.jpg?w=1920&amp;ssl=1 1920w, \/\/i0.wp.com\/www.kyrioschms.com\/wp-content\/uploads\/2018\/06\/slide_woman_kyrios.jpg?w=1600&amp;ssl=1 1600w\" sizes=\"(max-width: 800px) 100vw, 800px\" \/><\/p>\n<p><strong>Com o Kyrios ChMS, pode:<\/strong><\/p>\n<ul>\n<li>Realizar a <a href=\"\/chms-funcionalidades\/\">gest\u00e3o di\u00e1ria de qualquer Par\u00f3quia ou grupo<\/a> (Gest\u00e3o de entidades, Fam\u00edlias, Tesouraria, Contabilidade, Catequese, Processos, &#8230;);<\/li>\n<li>Ter a sua <a href=\"\/website\/\">p\u00e1gina na Internet<\/a>, sem complica\u00e7\u00f5es, simples, funcional e com liga\u00e7\u00e3o com as redes sociais;<\/li>\n<li>Ter a sua <a href=\"\/website\/\">aplica\u00e7\u00e3o nos smartphones<\/a> para que mais facilmente a sua comunidade possa ter acesso \u00e0s not\u00edcias, eventos, conte\u00fados e gest\u00e3o da catequese;<\/li>\n<\/ul>\n<p>Conte connosco, n\u00f3s trabalhamos todos os dias para tornar o Kyrios ChMS a melhor solu\u00e7\u00e3o para ajudar a Igreja na sua miss\u00e3o.<\/p>\n<p>&nbsp;<\/p>\n<p><em>Contacte-nos e iremos ajud\u00e1-lo!<\/em><\/p>\n<p>No Kyrios ChMS ir\u00e1 encontrar as ferramentas certas para o seu dia-a-dia, como por exemplo, funcionalidades para comunica\u00e7\u00e3o com a sua comunidade e grupos de trabalho.<\/p>\n<p>Pode contar com a nossa oferta de <a href=\"http:\/\/www.kyrioschms.com\/pt\/website\/\">Website + Aplica\u00e7\u00e3o M\u00f3vel + E-mails profissionais + Newsletters<\/a> <strong>gr\u00e1tis por 30 dias<\/strong> e, se desejar aderir, o valor da ades\u00e3o ser\u00e1 muito baixo, de forma a que todos possam beneficiar destas ferramentas de comunica\u00e7\u00e3o essenciais para a Igreja nos dias de hoje.<\/p>\n","protected":false},"excerpt":{"rendered":"<p>\u00a0Subscreva a newsletter &nbsp; As Jornadas Mundiais da Juventude, que aconteceram no Panam\u00e1 em Janeiro, tecnologicamente foram marcadas pelo momento em que o Papa Francisco na pra\u00e7a de S. Pedro, no Vaticano, anunciou ter criado a sua conta de utilizador no Click To Pray. O Papa Francisco utiliza um tablet e diz \u201cA rede pode [&hellip;]<\/p>\n","protected":false},"author":1,"featured_media":1746,"comment_status":"closed","ping_status":"closed","sticky":false,"template":"","format":"standard","meta":{"inline_featured_image":false,"jetpack_post_was_ever_published":false,"_jetpack_newsletter_access":"","_jetpack_dont_email_post_to_subs":false,"_jetpack_newsletter_tier_id":0,"_jetpack_memberships_contains_paywalled_content":false,"_jetpack_memberships_contains_paid_content":false,"footnotes":"","jetpack_publicize_message":"","jetpack_publicize_feature_enabled":true,"jetpack_social_post_already_shared":true,"jetpack_social_options":{"image_generator_settings":{"template":"highway","enabled":false},"version":2}},"categories":[129,131],"tags":[],"class_list":["post-1745","post","type-post","status-publish","format-standard","has-post-thumbnail","hentry","category-artigos","category-pt"],"jetpack_publicize_connections":[],"yoast_head":"<!-- This site is optimized with the Yoast SEO plugin v24.8.1 - https:\/\/yoast.com\/wordpress\/plugins\/seo\/ -->\n<title>O Papa Francisco e a tecnologia nas JMJ e na mensagem para o Dia Mundial das Comunica\u00e7\u00f5es Sociais &#8226; Kyrios ChMS - Software de Gest\u00e3o Cloud para a Igreja<\/title>\n<meta name=\"robots\" content=\"index, follow, max-snippet:-1, max-image-preview:large, max-video-preview:-1\" \/>\n<link rel=\"canonical\" href=\"http:\/\/www.kyrioschms.com\/pt\/o-papa-francisco-e-a-tecnologia-nas-jmj-e-na-mensagem-para-o-dia-mundial-das-comunicacoes-sociais\/\" \/>\n<meta property=\"og:locale\" content=\"pt_PT\" \/>\n<meta property=\"og:type\" content=\"article\" \/>\n<meta property=\"og:title\" content=\"O Papa Francisco e a tecnologia nas JMJ e na mensagem para o Dia Mundial das Comunica\u00e7\u00f5es Sociais &#8226; Kyrios ChMS - Software de Gest\u00e3o Cloud para a Igreja\" \/>\n<meta property=\"og:description\" content=\"\u00a0Subscreva a newsletter &nbsp; As Jornadas Mundiais da Juventude, que aconteceram no Panam\u00e1 em Janeiro, tecnologicamente foram marcadas pelo momento em que o Papa Francisco na pra\u00e7a de S. Pedro, no Vaticano, anunciou ter criado a sua conta de utilizador no Click To Pray. O Papa Francisco utiliza um tablet e diz \u201cA rede pode [&hellip;]\" \/>\n<meta property=\"og:url\" content=\"http:\/\/www.kyrioschms.com\/pt\/o-papa-francisco-e-a-tecnologia-nas-jmj-e-na-mensagem-para-o-dia-mundial-das-comunicacoes-sociais\/\" \/>\n<meta property=\"og:site_name\" content=\"Kyrios ChMS - Software de Gest\u00e3o Cloud para a Igreja\" \/>\n<meta property=\"article:publisher\" content=\"https:\/\/www.facebook.com\/kyrioschms\/\" \/>\n<meta property=\"article:published_time\" content=\"2019-02-13T10:02:19+00:00\" \/>\n<meta property=\"article:modified_time\" content=\"2019-02-13T23:50:06+00:00\" \/>\n<meta property=\"og:image\" content=\"https:\/\/i0.wp.com\/www.kyrioschms.com\/wp-content\/uploads\/2019\/02\/papa_francisco.jpg?fit=1024%2C683&ssl=1\" \/>\n\t<meta property=\"og:image:width\" content=\"1024\" \/>\n\t<meta property=\"og:image:height\" content=\"683\" \/>\n\t<meta property=\"og:image:type\" content=\"image\/jpeg\" \/>\n<meta name=\"author\" content=\"PeakIT\" \/>\n<meta name=\"twitter:card\" content=\"summary_large_image\" \/>\n<meta name=\"twitter:label1\" content=\"Escrito por\" \/>\n\t<meta name=\"twitter:data1\" content=\"PeakIT\" \/>\n\t<meta name=\"twitter:label2\" content=\"Tempo estimado de leitura\" \/>\n\t<meta name=\"twitter:data2\" content=\"4 minutos\" \/>\n<script type=\"application\/ld+json\" class=\"yoast-schema-graph\">{\"@context\":\"https:\/\/schema.org\",\"@graph\":[{\"@type\":\"Article\",\"@id\":\"https:\/\/www.kyrioschms.com\/pt\/o-papa-francisco-e-a-tecnologia-nas-jmj-e-na-mensagem-para-o-dia-mundial-das-comunicacoes-sociais\/#article\",\"isPartOf\":{\"@id\":\"https:\/\/www.kyrioschms.com\/pt\/o-papa-francisco-e-a-tecnologia-nas-jmj-e-na-mensagem-para-o-dia-mundial-das-comunicacoes-sociais\/\"},\"author\":{\"name\":\"PeakIT\",\"@id\":\"https:\/\/www.kyrioschms.com\/#\/schema\/person\/5d6d2df441ac69db90fa2441b8751107\"},\"headline\":\"O Papa Francisco e a tecnologia nas JMJ e na mensagem para o Dia Mundial das Comunica\u00e7\u00f5es Sociais\",\"datePublished\":\"2019-02-13T10:02:19+00:00\",\"dateModified\":\"2019-02-13T23:50:06+00:00\",\"mainEntityOfPage\":{\"@id\":\"https:\/\/www.kyrioschms.com\/pt\/o-papa-francisco-e-a-tecnologia-nas-jmj-e-na-mensagem-para-o-dia-mundial-das-comunicacoes-sociais\/\"},\"wordCount\":837,\"publisher\":{\"@id\":\"https:\/\/www.kyrioschms.com\/#organization\"},\"image\":{\"@id\":\"https:\/\/www.kyrioschms.com\/pt\/o-papa-francisco-e-a-tecnologia-nas-jmj-e-na-mensagem-para-o-dia-mundial-das-comunicacoes-sociais\/#primaryimage\"},\"thumbnailUrl\":\"https:\/\/i0.wp.com\/www.kyrioschms.com\/wp-content\/uploads\/2019\/02\/papa_francisco.jpg?fit=1024%2C683&ssl=1\",\"articleSection\":[\"Artigos\",\"PT\"],\"inLanguage\":\"pt-PT\"},{\"@type\":\"WebPage\",\"@id\":\"https:\/\/www.kyrioschms.com\/pt\/o-papa-francisco-e-a-tecnologia-nas-jmj-e-na-mensagem-para-o-dia-mundial-das-comunicacoes-sociais\/\",\"url\":\"https:\/\/www.kyrioschms.com\/pt\/o-papa-francisco-e-a-tecnologia-nas-jmj-e-na-mensagem-para-o-dia-mundial-das-comunicacoes-sociais\/\",\"name\":\"O Papa Francisco e a tecnologia nas JMJ e na mensagem para o Dia Mundial das Comunica\u00e7\u00f5es Sociais &#8226; Kyrios ChMS - Software de Gest\u00e3o Cloud para a Igreja\",\"isPartOf\":{\"@id\":\"https:\/\/www.kyrioschms.com\/#website\"},\"primaryImageOfPage\":{\"@id\":\"https:\/\/www.kyrioschms.com\/pt\/o-papa-francisco-e-a-tecnologia-nas-jmj-e-na-mensagem-para-o-dia-mundial-das-comunicacoes-sociais\/#primaryimage\"},\"image\":{\"@id\":\"https:\/\/www.kyrioschms.com\/pt\/o-papa-francisco-e-a-tecnologia-nas-jmj-e-na-mensagem-para-o-dia-mundial-das-comunicacoes-sociais\/#primaryimage\"},\"thumbnailUrl\":\"https:\/\/i0.wp.com\/www.kyrioschms.com\/wp-content\/uploads\/2019\/02\/papa_francisco.jpg?fit=1024%2C683&ssl=1\",\"datePublished\":\"2019-02-13T10:02:19+00:00\",\"dateModified\":\"2019-02-13T23:50:06+00:00\",\"breadcrumb\":{\"@id\":\"https:\/\/www.kyrioschms.com\/pt\/o-papa-francisco-e-a-tecnologia-nas-jmj-e-na-mensagem-para-o-dia-mundial-das-comunicacoes-sociais\/#breadcrumb\"},\"inLanguage\":\"pt-PT\",\"potentialAction\":[{\"@type\":\"ReadAction\",\"target\":[\"https:\/\/www.kyrioschms.com\/pt\/o-papa-francisco-e-a-tecnologia-nas-jmj-e-na-mensagem-para-o-dia-mundial-das-comunicacoes-sociais\/\"]}]},{\"@type\":\"ImageObject\",\"inLanguage\":\"pt-PT\",\"@id\":\"https:\/\/www.kyrioschms.com\/pt\/o-papa-francisco-e-a-tecnologia-nas-jmj-e-na-mensagem-para-o-dia-mundial-das-comunicacoes-sociais\/#primaryimage\",\"url\":\"https:\/\/i0.wp.com\/www.kyrioschms.com\/wp-content\/uploads\/2019\/02\/papa_francisco.jpg?fit=1024%2C683&ssl=1\",\"contentUrl\":\"https:\/\/i0.wp.com\/www.kyrioschms.com\/wp-content\/uploads\/2019\/02\/papa_francisco.jpg?fit=1024%2C683&ssl=1\",\"width\":1024,\"height\":683},{\"@type\":\"BreadcrumbList\",\"@id\":\"https:\/\/www.kyrioschms.com\/pt\/o-papa-francisco-e-a-tecnologia-nas-jmj-e-na-mensagem-para-o-dia-mundial-das-comunicacoes-sociais\/#breadcrumb\",\"itemListElement\":[{\"@type\":\"ListItem\",\"position\":1,\"name\":\"Home\",\"item\":\"https:\/\/www.kyrioschms.com\/en\/\"},{\"@type\":\"ListItem\",\"position\":2,\"name\":\"O Papa Francisco e a tecnologia nas JMJ e na mensagem para o Dia Mundial das Comunica\u00e7\u00f5es Sociais\"}]},{\"@type\":\"WebSite\",\"@id\":\"https:\/\/www.kyrioschms.com\/#website\",\"url\":\"https:\/\/www.kyrioschms.com\/\",\"name\":\"Kyrios ChMS - Software de Gest\u00e3o Cloud para a Igreja\",\"description\":\"A solu\u00e7\u00e3o mais completa para a gest\u00e3o e comunica\u00e7\u00e3o da Igreja\",\"publisher\":{\"@id\":\"https:\/\/www.kyrioschms.com\/#organization\"},\"potentialAction\":[{\"@type\":\"SearchAction\",\"target\":{\"@type\":\"EntryPoint\",\"urlTemplate\":\"https:\/\/www.kyrioschms.com\/?s={search_term_string}\"},\"query-input\":{\"@type\":\"PropertyValueSpecification\",\"valueRequired\":true,\"valueName\":\"search_term_string\"}}],\"inLanguage\":\"pt-PT\"},{\"@type\":\"Organization\",\"@id\":\"https:\/\/www.kyrioschms.com\/#organization\",\"name\":\"Kyrios ChMS\",\"url\":\"https:\/\/www.kyrioschms.com\/\",\"logo\":{\"@type\":\"ImageObject\",\"inLanguage\":\"pt-PT\",\"@id\":\"https:\/\/www.kyrioschms.com\/#\/schema\/logo\/image\/\",\"url\":\"https:\/\/i1.wp.com\/www.kyrioschms.com\/wp-content\/uploads\/2018\/04\/kyrios_chms_logo_azulpkt_hd.png?fit=510%2C190&ssl=1\",\"contentUrl\":\"https:\/\/i1.wp.com\/www.kyrioschms.com\/wp-content\/uploads\/2018\/04\/kyrios_chms_logo_azulpkt_hd.png?fit=510%2C190&ssl=1\",\"width\":510,\"height\":190,\"caption\":\"Kyrios ChMS\"},\"image\":{\"@id\":\"https:\/\/www.kyrioschms.com\/#\/schema\/logo\/image\/\"},\"sameAs\":[\"https:\/\/www.facebook.com\/kyrioschms\/\",\"https:\/\/www.instagram.com\/kyrioschms\/\",\"https:\/\/www.linkedin.com\/showcase\/kyrios\/\",\"https:\/\/www.youtube.com\/channel\/UC1GRlmM_rtlhm1widYExwkg\"]},{\"@type\":\"Person\",\"@id\":\"https:\/\/www.kyrioschms.com\/#\/schema\/person\/5d6d2df441ac69db90fa2441b8751107\",\"name\":\"PeakIT\"}]}<\/script>\n<!-- \/ Yoast SEO plugin. -->","yoast_head_json":{"title":"O Papa Francisco e a tecnologia nas JMJ e na mensagem para o Dia Mundial das Comunica\u00e7\u00f5es Sociais &#8226; Kyrios ChMS - Software de Gest\u00e3o Cloud para a Igreja","robots":{"index":"index","follow":"follow","max-snippet":"max-snippet:-1","max-image-preview":"max-image-preview:large","max-video-preview":"max-video-preview:-1"},"canonical":"http:\/\/www.kyrioschms.com\/pt\/o-papa-francisco-e-a-tecnologia-nas-jmj-e-na-mensagem-para-o-dia-mundial-das-comunicacoes-sociais\/","og_locale":"pt_PT","og_type":"article","og_title":"O Papa Francisco e a tecnologia nas JMJ e na mensagem para o Dia Mundial das Comunica\u00e7\u00f5es Sociais &#8226; Kyrios ChMS - Software de Gest\u00e3o Cloud para a Igreja","og_description":"\u00a0Subscreva a newsletter &nbsp; As Jornadas Mundiais da Juventude, que aconteceram no Panam\u00e1 em Janeiro, tecnologicamente foram marcadas pelo momento em que o Papa Francisco na pra\u00e7a de S. Pedro, no Vaticano, anunciou ter criado a sua conta de utilizador no Click To Pray. O Papa Francisco utiliza um tablet e diz \u201cA rede pode [&hellip;]","og_url":"http:\/\/www.kyrioschms.com\/pt\/o-papa-francisco-e-a-tecnologia-nas-jmj-e-na-mensagem-para-o-dia-mundial-das-comunicacoes-sociais\/","og_site_name":"Kyrios ChMS - Software de Gest\u00e3o Cloud para a Igreja","article_publisher":"https:\/\/www.facebook.com\/kyrioschms\/","article_published_time":"2019-02-13T10:02:19+00:00","article_modified_time":"2019-02-13T23:50:06+00:00","og_image":[{"width":1024,"height":683,"url":"https:\/\/i0.wp.com\/www.kyrioschms.com\/wp-content\/uploads\/2019\/02\/papa_francisco.jpg?fit=1024%2C683&ssl=1","type":"image\/jpeg"}],"author":"PeakIT","twitter_card":"summary_large_image","twitter_misc":{"Escrito por":"PeakIT","Tempo estimado de leitura":"4 minutos"},"schema":{"@context":"https:\/\/schema.org","@graph":[{"@type":"Article","@id":"https:\/\/www.kyrioschms.com\/pt\/o-papa-francisco-e-a-tecnologia-nas-jmj-e-na-mensagem-para-o-dia-mundial-das-comunicacoes-sociais\/#article","isPartOf":{"@id":"https:\/\/www.kyrioschms.com\/pt\/o-papa-francisco-e-a-tecnologia-nas-jmj-e-na-mensagem-para-o-dia-mundial-das-comunicacoes-sociais\/"},"author":{"name":"PeakIT","@id":"https:\/\/www.kyrioschms.com\/#\/schema\/person\/5d6d2df441ac69db90fa2441b8751107"},"headline":"O Papa Francisco e a tecnologia nas JMJ e na mensagem para o Dia Mundial das Comunica\u00e7\u00f5es Sociais","datePublished":"2019-02-13T10:02:19+00:00","dateModified":"2019-02-13T23:50:06+00:00","mainEntityOfPage":{"@id":"https:\/\/www.kyrioschms.com\/pt\/o-papa-francisco-e-a-tecnologia-nas-jmj-e-na-mensagem-para-o-dia-mundial-das-comunicacoes-sociais\/"},"wordCount":837,"publisher":{"@id":"https:\/\/www.kyrioschms.com\/#organization"},"image":{"@id":"https:\/\/www.kyrioschms.com\/pt\/o-papa-francisco-e-a-tecnologia-nas-jmj-e-na-mensagem-para-o-dia-mundial-das-comunicacoes-sociais\/#primaryimage"},"thumbnailUrl":"https:\/\/i0.wp.com\/www.kyrioschms.com\/wp-content\/uploads\/2019\/02\/papa_francisco.jpg?fit=1024%2C683&ssl=1","articleSection":["Artigos","PT"],"inLanguage":"pt-PT"},{"@type":"WebPage","@id":"https:\/\/www.kyrioschms.com\/pt\/o-papa-francisco-e-a-tecnologia-nas-jmj-e-na-mensagem-para-o-dia-mundial-das-comunicacoes-sociais\/","url":"https:\/\/www.kyrioschms.com\/pt\/o-papa-francisco-e-a-tecnologia-nas-jmj-e-na-mensagem-para-o-dia-mundial-das-comunicacoes-sociais\/","name":"O Papa Francisco e a tecnologia nas JMJ e na mensagem para o Dia Mundial das Comunica\u00e7\u00f5es Sociais &#8226; Kyrios ChMS - Software de Gest\u00e3o Cloud para a Igreja","isPartOf":{"@id":"https:\/\/www.kyrioschms.com\/#website"},"primaryImageOfPage":{"@id":"https:\/\/www.kyrioschms.com\/pt\/o-papa-francisco-e-a-tecnologia-nas-jmj-e-na-mensagem-para-o-dia-mundial-das-comunicacoes-sociais\/#primaryimage"},"image":{"@id":"https:\/\/www.kyrioschms.com\/pt\/o-papa-francisco-e-a-tecnologia-nas-jmj-e-na-mensagem-para-o-dia-mundial-das-comunicacoes-sociais\/#primaryimage"},"thumbnailUrl":"https:\/\/i0.wp.com\/www.kyrioschms.com\/wp-content\/uploads\/2019\/02\/papa_francisco.jpg?fit=1024%2C683&ssl=1","datePublished":"2019-02-13T10:02:19+00:00","dateModified":"2019-02-13T23:50:06+00:00","breadcrumb":{"@id":"https:\/\/www.kyrioschms.com\/pt\/o-papa-francisco-e-a-tecnologia-nas-jmj-e-na-mensagem-para-o-dia-mundial-das-comunicacoes-sociais\/#breadcrumb"},"inLanguage":"pt-PT","potentialAction":[{"@type":"ReadAction","target":["https:\/\/www.kyrioschms.com\/pt\/o-papa-francisco-e-a-tecnologia-nas-jmj-e-na-mensagem-para-o-dia-mundial-das-comunicacoes-sociais\/"]}]},{"@type":"ImageObject","inLanguage":"pt-PT","@id":"https:\/\/www.kyrioschms.com\/pt\/o-papa-francisco-e-a-tecnologia-nas-jmj-e-na-mensagem-para-o-dia-mundial-das-comunicacoes-sociais\/#primaryimage","url":"https:\/\/i0.wp.com\/www.kyrioschms.com\/wp-content\/uploads\/2019\/02\/papa_francisco.jpg?fit=1024%2C683&ssl=1","contentUrl":"https:\/\/i0.wp.com\/www.kyrioschms.com\/wp-content\/uploads\/2019\/02\/papa_francisco.jpg?fit=1024%2C683&ssl=1","width":1024,"height":683},{"@type":"BreadcrumbList","@id":"https:\/\/www.kyrioschms.com\/pt\/o-papa-francisco-e-a-tecnologia-nas-jmj-e-na-mensagem-para-o-dia-mundial-das-comunicacoes-sociais\/#breadcrumb","itemListElement":[{"@type":"ListItem","position":1,"name":"Home","item":"https:\/\/www.kyrioschms.com\/en\/"},{"@type":"ListItem","position":2,"name":"O Papa Francisco e a tecnologia nas JMJ e na mensagem para o Dia Mundial das Comunica\u00e7\u00f5es Sociais"}]},{"@type":"WebSite","@id":"https:\/\/www.kyrioschms.com\/#website","url":"https:\/\/www.kyrioschms.com\/","name":"Kyrios ChMS - Software de Gest\u00e3o Cloud para a Igreja","description":"A solu\u00e7\u00e3o mais completa para a gest\u00e3o e comunica\u00e7\u00e3o da Igreja","publisher":{"@id":"https:\/\/www.kyrioschms.com\/#organization"},"potentialAction":[{"@type":"SearchAction","target":{"@type":"EntryPoint","urlTemplate":"https:\/\/www.kyrioschms.com\/?s={search_term_string}"},"query-input":{"@type":"PropertyValueSpecification","valueRequired":true,"valueName":"search_term_string"}}],"inLanguage":"pt-PT"},{"@type":"Organization","@id":"https:\/\/www.kyrioschms.com\/#organization","name":"Kyrios ChMS","url":"https:\/\/www.kyrioschms.com\/","logo":{"@type":"ImageObject","inLanguage":"pt-PT","@id":"https:\/\/www.kyrioschms.com\/#\/schema\/logo\/image\/","url":"https:\/\/i1.wp.com\/www.kyrioschms.com\/wp-content\/uploads\/2018\/04\/kyrios_chms_logo_azulpkt_hd.png?fit=510%2C190&ssl=1","contentUrl":"https:\/\/i1.wp.com\/www.kyrioschms.com\/wp-content\/uploads\/2018\/04\/kyrios_chms_logo_azulpkt_hd.png?fit=510%2C190&ssl=1","width":510,"height":190,"caption":"Kyrios ChMS"},"image":{"@id":"https:\/\/www.kyrioschms.com\/#\/schema\/logo\/image\/"},"sameAs":["https:\/\/www.facebook.com\/kyrioschms\/","https:\/\/www.instagram.com\/kyrioschms\/","https:\/\/www.linkedin.com\/showcase\/kyrios\/","https:\/\/www.youtube.com\/channel\/UC1GRlmM_rtlhm1widYExwkg"]},{"@type":"Person","@id":"https:\/\/www.kyrioschms.com\/#\/schema\/person\/5d6d2df441ac69db90fa2441b8751107","name":"PeakIT"}]}},"jetpack_featured_media_url":"https:\/\/i0.wp.com\/www.kyrioschms.com\/wp-content\/uploads\/2019\/02\/papa_francisco.jpg?fit=1024%2C683&ssl=1","jetpack_sharing_enabled":true,"jetpack_shortlink":"https:\/\/wp.me\/p9TNmE-s9","_links":{"self":[{"href":"http:\/\/www.kyrioschms.com\/pt\/wp-json\/wp\/v2\/posts\/1745","targetHints":{"allow":["GET"]}}],"collection":[{"href":"http:\/\/www.kyrioschms.com\/pt\/wp-json\/wp\/v2\/posts"}],"about":[{"href":"http:\/\/www.kyrioschms.com\/pt\/wp-json\/wp\/v2\/types\/post"}],"author":[{"embeddable":true,"href":"http:\/\/www.kyrioschms.com\/pt\/wp-json\/wp\/v2\/users\/1"}],"replies":[{"embeddable":true,"href":"http:\/\/www.kyrioschms.com\/pt\/wp-json\/wp\/v2\/comments?post=1745"}],"version-history":[{"count":0,"href":"http:\/\/www.kyrioschms.com\/pt\/wp-json\/wp\/v2\/posts\/1745\/revisions"}],"wp:featuredmedia":[{"embeddable":true,"href":"http:\/\/www.kyrioschms.com\/pt\/wp-json\/wp\/v2\/media\/1746"}],"wp:attachment":[{"href":"http:\/\/www.kyrioschms.com\/pt\/wp-json\/wp\/v2\/media?parent=1745"}],"wp:term":[{"taxonomy":"category","embeddable":true,"href":"http:\/\/www.kyrioschms.com\/pt\/wp-json\/wp\/v2\/categories?post=1745"},{"taxonomy":"post_tag","embeddable":true,"href":"http:\/\/www.kyrioschms.com\/pt\/wp-json\/wp\/v2\/tags?post=1745"}],"curies":[{"name":"wp","href":"https:\/\/api.w.org\/{rel}","templated":true}]}}