{"id":1745,"date":"2019-02-13T10:02:19","date_gmt":"2019-02-13T10:02:19","guid":{"rendered":"http:\/\/www.kyrioschms.com\/?p=1745"},"modified":"2019-02-13T23:50:06","modified_gmt":"2019-02-13T23:50:06","slug":"o-papa-francisco-e-a-tecnologia-nas-jmj-e-na-mensagem-para-o-dia-mundial-das-comunicacoes-sociais","status":"publish","type":"post","link":"http:\/\/www.kyrioschms.com\/it\/il-papa-francesco-e-la-tecnologia-in-jmj-e-messaggio-per-la-giornata-mondiale-delle-comunicazioni-sociali\/","title":{"rendered":"Papa Francesco e la tecnologia alla GMG e il messaggio per la Giornata mondiale delle comunicazioni"},"content":{"rendered":"<div class=\"elementor-element elementor-element-535c8bf elementor-widget elementor-widget-themo-call-to-action\" data-id=\"535c8bf\" data-element_type=\"themo-call-to-action.default\">\n<div class=\"elementor-widget-container\">\n<div class=\"th-cta\">\n<div class=\"th-cta-text\"><a class=\"btn-1 btn th-btn btn-standard-primary\" href=\"http:\/\/eepurl.com\/dIVng1\" target=\"_blank\" rel=\"noopener\"><img data-recalc-dims=\"1\" decoding=\"async\" class=\"alignnone wp-image-1365\" src=\"https:\/\/i0.wp.com\/www.kyrioschms.com\/wp-content\/uploads\/2018\/12\/newsletter-150x150.png?resize=50%2C50\" alt=\"\" width=\"50\" height=\"50\" srcset=\"\/\/i0.wp.com\/www.kyrioschms.com\/wp-content\/uploads\/2018\/12\/newsletter.png?resize=150%2C150&amp;ssl=1 150w, \/\/i0.wp.com\/www.kyrioschms.com\/wp-content\/uploads\/2018\/12\/newsletter.png?resize=300%2C300&amp;ssl=1 300w, \/\/i0.wp.com\/www.kyrioschms.com\/wp-content\/uploads\/2018\/12\/newsletter.png?resize=100%2C100&amp;ssl=1 100w, \/\/i0.wp.com\/www.kyrioschms.com\/wp-content\/uploads\/2018\/12\/newsletter.png?resize=600%2C600&amp;ssl=1 600w, \/\/i0.wp.com\/www.kyrioschms.com\/wp-content\/uploads\/2018\/12\/newsletter.png?resize=80%2C80&amp;ssl=1 80w, \/\/i0.wp.com\/www.kyrioschms.com\/wp-content\/uploads\/2018\/12\/newsletter.png?resize=394%2C394&amp;ssl=1 394w, \/\/i0.wp.com\/www.kyrioschms.com\/wp-content\/uploads\/2018\/12\/newsletter.png?resize=303%2C303&amp;ssl=1 303w, \/\/i0.wp.com\/www.kyrioschms.com\/wp-content\/uploads\/2018\/12\/newsletter.png?resize=605%2C605&amp;ssl=1 605w, \/\/i0.wp.com\/www.kyrioschms.com\/wp-content\/uploads\/2018\/12\/newsletter.png?resize=700%2C700&amp;ssl=1 700w, \/\/i0.wp.com\/www.kyrioschms.com\/wp-content\/uploads\/2018\/12\/newsletter.png?w=720&amp;ssl=1 720w\" sizes=\"(max-width: 50px) 100vw, 50px\" \/>\u00a0Iscriviti alla newsletter<\/a><\/div>\n<\/div>\n<\/div>\n<\/div>\n<p>&nbsp;<\/p>\n<p>Le Giornate Mondiali della Giovent\u00f9, che si sono svolte a Panama a gennaio, sono state tecnologicamente segnate dal momento in cui Papa Francesco in Piazza San Pietro, in Vaticano, ha annunciato di aver creato il suo account utente su <a href=\"https:\/\/clicktopray.org\/\" target=\"_blank\" rel=\"noopener\">Clicca per pregare<\/a>.<\/p>\n<p><img data-recalc-dims=\"1\" fetchpriority=\"high\" decoding=\"async\" class=\"aligncenter wp-image-1748 size-large\" src=\"https:\/\/i0.wp.com\/www.kyrioschms.com\/wp-content\/uploads\/2019\/02\/writing-work-hand-screen-typing-read-670665-pxhere.com_-1024x683.jpg?resize=800%2C534\" alt=\"\" width=\"800\" height=\"534\" srcset=\"\/\/i0.wp.com\/www.kyrioschms.com\/wp-content\/uploads\/2019\/02\/writing-work-hand-screen-typing-read-670665-pxhere.com_-scaled.jpg?resize=1024%2C683&amp;ssl=1 1024w, \/\/i0.wp.com\/www.kyrioschms.com\/wp-content\/uploads\/2019\/02\/writing-work-hand-screen-typing-read-670665-pxhere.com_-scaled.jpg?resize=600%2C400&amp;ssl=1 600w, \/\/i0.wp.com\/www.kyrioschms.com\/wp-content\/uploads\/2019\/02\/writing-work-hand-screen-typing-read-670665-pxhere.com_-scaled.jpg?resize=300%2C200&amp;ssl=1 300w, \/\/i0.wp.com\/www.kyrioschms.com\/wp-content\/uploads\/2019\/02\/writing-work-hand-screen-typing-read-670665-pxhere.com_-scaled.jpg?resize=768%2C512&amp;ssl=1 768w, \/\/i0.wp.com\/www.kyrioschms.com\/wp-content\/uploads\/2019\/02\/writing-work-hand-screen-typing-read-670665-pxhere.com_-scaled.jpg?resize=56%2C37&amp;ssl=1 56w, \/\/i0.wp.com\/www.kyrioschms.com\/wp-content\/uploads\/2019\/02\/writing-work-hand-screen-typing-read-670665-pxhere.com_-scaled.jpg?resize=120%2C80&amp;ssl=1 120w, \/\/i0.wp.com\/www.kyrioschms.com\/wp-content\/uploads\/2019\/02\/writing-work-hand-screen-typing-read-670665-pxhere.com_-scaled.jpg?resize=394%2C263&amp;ssl=1 394w, \/\/i0.wp.com\/www.kyrioschms.com\/wp-content\/uploads\/2019\/02\/writing-work-hand-screen-typing-read-670665-pxhere.com_-scaled.jpg?resize=915%2C610&amp;ssl=1 915w, \/\/i0.wp.com\/www.kyrioschms.com\/wp-content\/uploads\/2019\/02\/writing-work-hand-screen-typing-read-670665-pxhere.com_-scaled.jpg?resize=1240%2C827&amp;ssl=1 1240w, \/\/i0.wp.com\/www.kyrioschms.com\/wp-content\/uploads\/2019\/02\/writing-work-hand-screen-typing-read-670665-pxhere.com_-scaled.jpg?resize=1620%2C1080&amp;ssl=1 1620w, \/\/i0.wp.com\/www.kyrioschms.com\/wp-content\/uploads\/2019\/02\/writing-work-hand-screen-typing-read-670665-pxhere.com_-scaled.jpg?w=2400&amp;ssl=1 2400w\" sizes=\"(max-width: 800px) 100vw, 800px\" \/><\/p>\n<p><strong>Papa Francesco usa un tablet e dice<\/strong><\/p>\n<blockquote><p>\u201cLa rete pu\u00f2 aiutarci a pregare insieme. Pertanto, vorrei presentare l&#039;applicazione ufficiale della Rete Mondiale di Preghiera del Papa: &#039;Click To Pray&#039;\u201d.<\/p><\/blockquote>\n<p>Questo \u00e8 stato senza dubbio un momento storico, perch\u00e9 dimostra quanto oggi sia importante per la Chiesa una presenza online.<\/p>\n<p>L&#039;App Click To Pray \u00e8 stata senza dubbio una novit\u00e0 che la Rete Mondiale di Preghiera del Papa ha regalato alla Chiesa e, essendo assunta dal Papa come veicolo fondamentale per la Preghiera oggi, mostra chiaramente come la tecnologia sia parte integrante di tutti noi.<\/p>\n<p><img data-recalc-dims=\"1\" decoding=\"async\" class=\"aligncenter wp-image-1749 size-large\" src=\"https:\/\/i0.wp.com\/www.kyrioschms.com\/wp-content\/uploads\/2019\/02\/JMJ_2013-_789_dos_participantes_avaliam_a_seguranc%CC%A7a_pu%CC%81blica_como_sendo_o%CC%81timo_ou_bom_9418441180-1024x683.jpg?resize=800%2C534\" alt=\"\" width=\"800\" height=\"534\" srcset=\"\/\/i0.wp.com\/www.kyrioschms.com\/wp-content\/uploads\/2019\/02\/JMJ_2013-_789_dos_participantes_avaliam_a_seguranc%CC%A7a_pu%CC%81blica_como_sendo_o%CC%81timo_ou_bom_9418441180-scaled.jpg?resize=1024%2C683&amp;ssl=1 1024w, \/\/i0.wp.com\/www.kyrioschms.com\/wp-content\/uploads\/2019\/02\/JMJ_2013-_789_dos_participantes_avaliam_a_seguranc%CC%A7a_pu%CC%81blica_como_sendo_o%CC%81timo_ou_bom_9418441180-scaled.jpg?resize=600%2C400&amp;ssl=1 600w, \/\/i0.wp.com\/www.kyrioschms.com\/wp-content\/uploads\/2019\/02\/JMJ_2013-_789_dos_participantes_avaliam_a_seguranc%CC%A7a_pu%CC%81blica_como_sendo_o%CC%81timo_ou_bom_9418441180-scaled.jpg?resize=300%2C200&amp;ssl=1 300w, \/\/i0.wp.com\/www.kyrioschms.com\/wp-content\/uploads\/2019\/02\/JMJ_2013-_789_dos_participantes_avaliam_a_seguranc%CC%A7a_pu%CC%81blica_como_sendo_o%CC%81timo_ou_bom_9418441180-scaled.jpg?resize=768%2C512&amp;ssl=1 768w, \/\/i0.wp.com\/www.kyrioschms.com\/wp-content\/uploads\/2019\/02\/JMJ_2013-_789_dos_participantes_avaliam_a_seguranc%CC%A7a_pu%CC%81blica_como_sendo_o%CC%81timo_ou_bom_9418441180-scaled.jpg?resize=56%2C37&amp;ssl=1 56w, \/\/i0.wp.com\/www.kyrioschms.com\/wp-content\/uploads\/2019\/02\/JMJ_2013-_789_dos_participantes_avaliam_a_seguranc%CC%A7a_pu%CC%81blica_como_sendo_o%CC%81timo_ou_bom_9418441180-scaled.jpg?resize=120%2C80&amp;ssl=1 120w, \/\/i0.wp.com\/www.kyrioschms.com\/wp-content\/uploads\/2019\/02\/JMJ_2013-_789_dos_participantes_avaliam_a_seguranc%CC%A7a_pu%CC%81blica_como_sendo_o%CC%81timo_ou_bom_9418441180-scaled.jpg?resize=394%2C263&amp;ssl=1 394w, \/\/i0.wp.com\/www.kyrioschms.com\/wp-content\/uploads\/2019\/02\/JMJ_2013-_789_dos_participantes_avaliam_a_seguranc%CC%A7a_pu%CC%81blica_como_sendo_o%CC%81timo_ou_bom_9418441180-scaled.jpg?resize=915%2C610&amp;ssl=1 915w, \/\/i0.wp.com\/www.kyrioschms.com\/wp-content\/uploads\/2019\/02\/JMJ_2013-_789_dos_participantes_avaliam_a_seguranc%CC%A7a_pu%CC%81blica_como_sendo_o%CC%81timo_ou_bom_9418441180-scaled.jpg?resize=1240%2C827&amp;ssl=1 1240w, \/\/i0.wp.com\/www.kyrioschms.com\/wp-content\/uploads\/2019\/02\/JMJ_2013-_789_dos_participantes_avaliam_a_seguranc%CC%A7a_pu%CC%81blica_como_sendo_o%CC%81timo_ou_bom_9418441180-scaled.jpg?resize=1620%2C1080&amp;ssl=1 1620w, \/\/i0.wp.com\/www.kyrioschms.com\/wp-content\/uploads\/2019\/02\/JMJ_2013-_789_dos_participantes_avaliam_a_seguranc%CC%A7a_pu%CC%81blica_como_sendo_o%CC%81timo_ou_bom_9418441180-scaled.jpg?w=2400&amp;ssl=1 2400w\" sizes=\"(max-width: 800px) 100vw, 800px\" \/><\/p>\n<p>Ha colto l&#039;occasione e ha anche ricordato che presto pubblicher\u00e0 il Messaggio per la Giornata Mondiale delle Comunicazioni Sociali, che si \u00e8 conclusa il 24 gennaio (<a href=\"http:\/\/w2.vatican.va\/content\/francesco\/pt\/messages\/communications\/documents\/papa-francesco_20190124_messaggio-comunicazioni-sociali.html\">leggi qui<\/a>).<\/p>\n<p>Da questo testo trascriviamo in particolare questo brano:<\/p>\n<p><strong>Da &quot;mi piace&quot; a &quot;amen&quot;<\/strong><\/p>\n<blockquote><p>\u201cL&#039;immagine del corpo e delle membra ci ricorda che l&#039;uso della rete sociale \u00e8 complementare all&#039;incontro in carne e ossa, vissuto attraverso il corpo, il cuore, gli occhi, la contemplazione, il respiro dell&#039;altro. Se l&#039;amaca \u00e8 usata come prolungamento o attesa di tale incontro, allora non si tradisce e resta risorsa di comunione. Se una famiglia usa la rete per essere pi\u00f9 connessa, per poi incontrarsi a tavola e guardarsi negli occhi, allora \u00e8 una risorsa. Se una comunit\u00e0 ecclesiale coordina la sua attivit\u00e0 attraverso la rete, e poi celebra insieme l&#039;Eucaristia, allora \u00e8 una risorsa. Se la rete \u00e8 un&#039;occasione per avvicinarmi a casi ed esperienze di gentilezza o sofferenza che sono fisicamente distanti da me, per pregare insieme e, insieme, cercare il bene per scoprire ci\u00f2 che ci unisce, allora \u00e8 una risorsa.<\/p>\n<p>Possiamo cos\u00ec passare dalla diagnosi alla terapia: aprire la strada al dialogo, all&#039;incontro, al sorriso, all&#039;affetto... Questa \u00e8 la rete che vogliamo: una rete fatta, non per catturare, ma per liberare, per preservare una comunione di persone libere. La Chiesa stessa \u00e8 una rete intessuta dalla Comunione eucaristica, dove l&#039;unione non si basa sui gusti [\u00abcome\u00bb], ma, di fatto, sull&#039;\u00abamen\u00bb con cui ciascuno aderisce al Corpo di Cristo, accogliendo gli altri\u00bb.<\/p><\/blockquote>\n<p>Guardando a questi due grandi momenti di comunicazione, comunione e comunit\u00e0, \u00e8 facile vedere che il futuro passa sempre attraverso le persone e incontrarle \u00e8 una parte fondamentale della Chiesa.<\/p>\n<p><img data-recalc-dims=\"1\" loading=\"lazy\" decoding=\"async\" class=\"wp-image-1750 size-large\" src=\"https:\/\/i0.wp.com\/www.kyrioschms.com\/wp-content\/uploads\/2019\/02\/16752085669_b8eb2b316c_o-1024x683.jpg?resize=800%2C534\" alt=\"\" width=\"800\" height=\"534\" srcset=\"\/\/i0.wp.com\/www.kyrioschms.com\/wp-content\/uploads\/2019\/02\/16752085669_b8eb2b316c_o.jpg?resize=1024%2C683&amp;ssl=1 1024w, \/\/i0.wp.com\/www.kyrioschms.com\/wp-content\/uploads\/2019\/02\/16752085669_b8eb2b316c_o.jpg?resize=600%2C400&amp;ssl=1 600w, \/\/i0.wp.com\/www.kyrioschms.com\/wp-content\/uploads\/2019\/02\/16752085669_b8eb2b316c_o.jpg?resize=300%2C200&amp;ssl=1 300w, \/\/i0.wp.com\/www.kyrioschms.com\/wp-content\/uploads\/2019\/02\/16752085669_b8eb2b316c_o.jpg?resize=768%2C512&amp;ssl=1 768w, \/\/i0.wp.com\/www.kyrioschms.com\/wp-content\/uploads\/2019\/02\/16752085669_b8eb2b316c_o.jpg?resize=55%2C37&amp;ssl=1 55w, \/\/i0.wp.com\/www.kyrioschms.com\/wp-content\/uploads\/2019\/02\/16752085669_b8eb2b316c_o.jpg?resize=120%2C80&amp;ssl=1 120w, \/\/i0.wp.com\/www.kyrioschms.com\/wp-content\/uploads\/2019\/02\/16752085669_b8eb2b316c_o.jpg?resize=394%2C263&amp;ssl=1 394w, \/\/i0.wp.com\/www.kyrioschms.com\/wp-content\/uploads\/2019\/02\/16752085669_b8eb2b316c_o.jpg?resize=915%2C610&amp;ssl=1 915w, \/\/i0.wp.com\/www.kyrioschms.com\/wp-content\/uploads\/2019\/02\/16752085669_b8eb2b316c_o.jpg?resize=1240%2C827&amp;ssl=1 1240w, \/\/i0.wp.com\/www.kyrioschms.com\/wp-content\/uploads\/2019\/02\/16752085669_b8eb2b316c_o.jpg?resize=1619%2C1080&amp;ssl=1 1619w, \/\/i0.wp.com\/www.kyrioschms.com\/wp-content\/uploads\/2019\/02\/16752085669_b8eb2b316c_o.jpg?w=1964&amp;ssl=1 1964w\" sizes=\"(max-width: 800px) 100vw, 800px\" \/><\/p>\n<p><strong>Kyrios ChMS si basa sulla gestione e la comunicazione per la Chiesa<\/strong><\/p>\n<p>Fin dal suo inizio, i principali vettori di Kyrios ChMS sono stati aiutare la Chiesa e tutti i suoi stakeholder, dalle parrocchie, dalle istituzioni e da qualsiasi gruppo di giovani, ad evolversi e stare al passo con i nuovi tempi, le nuove tendenze e tutta questa evoluzione che cambia costantemente il modo di comunicare e di vivere in comunit\u00e0.<\/p>\n<p>In Kyrios troverai gli strumenti e il team che possono aiutarti a fare questo salto, in modo da poter migliorare la tua organizzazione, con le normali gestioni come tesoreria, famiglie o processi, ma anche con la parte della comunicazione con i Siti Web, Newsletter e App , con connessioni ai social network, diventando un HUB per la gestione centralizzata di tutti gli strumenti utilizzati dalle comunit\u00e0, consentendo loro di essere presenti, monitorare ed evolvere insieme.<\/p>\n<p><img data-recalc-dims=\"1\" loading=\"lazy\" decoding=\"async\" class=\"alignnone wp-image-874 size-large\" src=\"https:\/\/i0.wp.com\/www.kyrioschms.com\/wp-content\/uploads\/2018\/06\/slide_woman_kyrios-1024x400.jpg?resize=800%2C313\" alt=\"\" width=\"800\" height=\"313\" srcset=\"\/\/i0.wp.com\/www.kyrioschms.com\/wp-content\/uploads\/2018\/06\/slide_woman_kyrios.jpg?resize=1024%2C400&amp;ssl=1 1024w, \/\/i0.wp.com\/www.kyrioschms.com\/wp-content\/uploads\/2018\/06\/slide_woman_kyrios.jpg?resize=600%2C234&amp;ssl=1 600w, \/\/i0.wp.com\/www.kyrioschms.com\/wp-content\/uploads\/2018\/06\/slide_woman_kyrios.jpg?resize=300%2C117&amp;ssl=1 300w, \/\/i0.wp.com\/www.kyrioschms.com\/wp-content\/uploads\/2018\/06\/slide_woman_kyrios.jpg?resize=768%2C300&amp;ssl=1 768w, \/\/i0.wp.com\/www.kyrioschms.com\/wp-content\/uploads\/2018\/06\/slide_woman_kyrios.jpg?resize=256%2C100&amp;ssl=1 256w, \/\/i0.wp.com\/www.kyrioschms.com\/wp-content\/uploads\/2018\/06\/slide_woman_kyrios.jpg?resize=205%2C80&amp;ssl=1 205w, \/\/i0.wp.com\/www.kyrioschms.com\/wp-content\/uploads\/2018\/06\/slide_woman_kyrios.jpg?resize=394%2C154&amp;ssl=1 394w, \/\/i0.wp.com\/www.kyrioschms.com\/wp-content\/uploads\/2018\/06\/slide_woman_kyrios.jpg?resize=915%2C357&amp;ssl=1 915w, \/\/i0.wp.com\/www.kyrioschms.com\/wp-content\/uploads\/2018\/06\/slide_woman_kyrios.jpg?resize=1240%2C484&amp;ssl=1 1240w, \/\/i0.wp.com\/www.kyrioschms.com\/wp-content\/uploads\/2018\/06\/slide_woman_kyrios.jpg?w=1920&amp;ssl=1 1920w, \/\/i0.wp.com\/www.kyrioschms.com\/wp-content\/uploads\/2018\/06\/slide_woman_kyrios.jpg?w=1600&amp;ssl=1 1600w\" sizes=\"(max-width: 800px) 100vw, 800px\" \/><\/p>\n<p><strong>Con Kyrios ChMS puoi:<\/strong><\/p>\n<ul>\n<li>eseguire il <a href=\"http:\/\/www.kyrioschms.com\/it\/chms-features\/\">gestione quotidiana di qualsiasi Parrocchia o gruppo<\/a> (Gestione degli enti, Famiglie, Tesoreria, Contabilit\u00e0, Catechesi, Processi, \u2026);<\/li>\n<li>hai il tuo <a href=\"http:\/\/www.kyrioschms.com\/it\/sito-web\/\">pagina web<\/a>, semplice, semplice, funzionale e connesso ai social network;<\/li>\n<li>hai il tuo <a href=\"http:\/\/www.kyrioschms.com\/it\/sito-web\/\">applicazione su smartphone<\/a> affinch\u00e9 la tua comunit\u00e0 possa accedere pi\u00f9 facilmente a notizie, eventi, contenuti e gestione della catechesi;<\/li>\n<\/ul>\n<p>Contate su di noi, lavoriamo ogni giorno per rendere Kyrios ChMS la migliore soluzione per aiutare la Chiesa nella sua missione.<\/p>\n<p>&nbsp;<\/p>\n<p><em>Contattaci e ti aiuteremo!<\/em><\/p>\n<p>In Kyrios ChMS troverai gli strumenti giusti per la tua vita quotidiana, come le funzionalit\u00e0 per comunicare con la tua comunit\u00e0 e i tuoi gruppi di lavoro.<\/p>\n<p>Puoi contare sulla nostra offerta di <a href=\"http:\/\/www.kyrioschms.com\/it\/sito-web\/\">Sito web + Applicazione mobile + Email professionali + Newsletter<\/a> <strong>gratis per 30 giorni<\/strong> e, se desideri unirti, il valore dell&#039;adesione sar\u00e0 molto basso, in modo che tutti possano beneficiare di questi strumenti di comunicazione essenziali per la Chiesa oggi.<\/p>","protected":false},"excerpt":{"rendered":"<p>\u00a0Iscriviti alla newsletter Le Giornate Mondiali della Giovent\u00f9, che si sono svolte a Panama a gennaio, sono state tecnologicamente segnate dal momento in cui Papa Francesco in Piazza San Pietro in Vaticano ha annunciato di aver creato il suo account utente Click To Pray. Papa Francesco usa un tablet e dice \u201cLa rete pu\u00f2 [\u2026]<\/p>","protected":false},"author":1,"featured_media":1746,"comment_status":"closed","ping_status":"closed","sticky":false,"template":"","format":"standard","meta":{"inline_featured_image":false,"jetpack_post_was_ever_published":false,"_jetpack_newsletter_access":"","_jetpack_dont_email_post_to_subs":false,"_jetpack_newsletter_tier_id":0,"_jetpack_memberships_contains_paywalled_content":false,"_jetpack_memberships_contains_paid_content":false,"footnotes":"","jetpack_publicize_message":"","jetpack_publicize_feature_enabled":true,"jetpack_social_post_already_shared":true,"jetpack_social_options":{"image_generator_settings":{"template":"highway","enabled":false},"version":2}},"categories":[129,131],"tags":[],"class_list":["post-1745","post","type-post","status-publish","format-standard","has-post-thumbnail","hentry","category-artigos","category-pt"],"jetpack_publicize_connections":[],"yoast_head":"<!-- This site is optimized with the Yoast SEO plugin v24.8.1 - https:\/\/yoast.com\/wordpress\/plugins\/seo\/ -->\n<title>O Papa Francisco e a tecnologia nas JMJ e na mensagem para o Dia Mundial das Comunica\u00e7\u00f5es Sociais &#8226; Kyrios ChMS - Software de Gest\u00e3o Cloud para a Igreja<\/title>\n<meta name=\"robots\" content=\"index, follow, max-snippet:-1, max-image-preview:large, max-video-preview:-1\" \/>\n<link rel=\"canonical\" href=\"http:\/\/www.kyrioschms.com\/it\/il-papa-francesco-e-la-tecnologia-in-jmj-e-messaggio-per-la-giornata-mondiale-delle-comunicazioni-sociali\/\" \/>\n<meta property=\"og:locale\" content=\"it_IT\" \/>\n<meta property=\"og:type\" content=\"article\" \/>\n<meta property=\"og:title\" content=\"O Papa Francisco e a tecnologia nas JMJ e na mensagem para o Dia Mundial das Comunica\u00e7\u00f5es Sociais &#8226; Kyrios ChMS - Software de Gest\u00e3o Cloud para a Igreja\" \/>\n<meta property=\"og:description\" content=\"\u00a0Subscreva a newsletter &nbsp; As Jornadas Mundiais da Juventude, que aconteceram no Panam\u00e1 em Janeiro, tecnologicamente foram marcadas pelo momento em que o Papa Francisco na pra\u00e7a de S. Pedro, no Vaticano, anunciou ter criado a sua conta de utilizador no Click To Pray. O Papa Francisco utiliza um tablet e diz \u201cA rede pode [&hellip;]\" \/>\n<meta property=\"og:url\" content=\"http:\/\/www.kyrioschms.com\/it\/il-papa-francesco-e-la-tecnologia-in-jmj-e-messaggio-per-la-giornata-mondiale-delle-comunicazioni-sociali\/\" \/>\n<meta property=\"og:site_name\" content=\"Kyrios ChMS - Software de Gest\u00e3o Cloud para a Igreja\" \/>\n<meta property=\"article:publisher\" content=\"https:\/\/www.facebook.com\/kyrioschms\/\" \/>\n<meta property=\"article:published_time\" content=\"2019-02-13T10:02:19+00:00\" \/>\n<meta property=\"article:modified_time\" content=\"2019-02-13T23:50:06+00:00\" \/>\n<meta property=\"og:image\" content=\"https:\/\/i0.wp.com\/www.kyrioschms.com\/wp-content\/uploads\/2019\/02\/papa_francisco.jpg?fit=1024%2C683&ssl=1\" \/>\n\t<meta property=\"og:image:width\" content=\"1024\" \/>\n\t<meta property=\"og:image:height\" content=\"683\" \/>\n\t<meta property=\"og:image:type\" content=\"image\/jpeg\" \/>\n<meta name=\"author\" content=\"PeakIT\" \/>\n<meta name=\"twitter:card\" content=\"summary_large_image\" \/>\n<meta name=\"twitter:label1\" content=\"Scritto da\" \/>\n\t<meta name=\"twitter:data1\" content=\"PeakIT\" \/>\n\t<meta name=\"twitter:label2\" content=\"Tempo di lettura stimato\" \/>\n\t<meta name=\"twitter:data2\" content=\"4 minuti\" \/>\n<script type=\"application\/ld+json\" class=\"yoast-schema-graph\">{\"@context\":\"https:\/\/schema.org\",\"@graph\":[{\"@type\":\"Article\",\"@id\":\"https:\/\/www.kyrioschms.com\/pt\/o-papa-francisco-e-a-tecnologia-nas-jmj-e-na-mensagem-para-o-dia-mundial-das-comunicacoes-sociais\/#article\",\"isPartOf\":{\"@id\":\"https:\/\/www.kyrioschms.com\/pt\/o-papa-francisco-e-a-tecnologia-nas-jmj-e-na-mensagem-para-o-dia-mundial-das-comunicacoes-sociais\/\"},\"author\":{\"name\":\"PeakIT\",\"@id\":\"https:\/\/www.kyrioschms.com\/#\/schema\/person\/5d6d2df441ac69db90fa2441b8751107\"},\"headline\":\"O Papa Francisco e a tecnologia nas JMJ e na mensagem para o Dia Mundial das Comunica\u00e7\u00f5es Sociais\",\"datePublished\":\"2019-02-13T10:02:19+00:00\",\"dateModified\":\"2019-02-13T23:50:06+00:00\",\"mainEntityOfPage\":{\"@id\":\"https:\/\/www.kyrioschms.com\/pt\/o-papa-francisco-e-a-tecnologia-nas-jmj-e-na-mensagem-para-o-dia-mundial-das-comunicacoes-sociais\/\"},\"wordCount\":837,\"publisher\":{\"@id\":\"https:\/\/www.kyrioschms.com\/#organization\"},\"image\":{\"@id\":\"https:\/\/www.kyrioschms.com\/pt\/o-papa-francisco-e-a-tecnologia-nas-jmj-e-na-mensagem-para-o-dia-mundial-das-comunicacoes-sociais\/#primaryimage\"},\"thumbnailUrl\":\"https:\/\/i0.wp.com\/www.kyrioschms.com\/wp-content\/uploads\/2019\/02\/papa_francisco.jpg?fit=1024%2C683&ssl=1\",\"articleSection\":[\"Artigos\",\"PT\"],\"inLanguage\":\"it-IT\"},{\"@type\":\"WebPage\",\"@id\":\"https:\/\/www.kyrioschms.com\/pt\/o-papa-francisco-e-a-tecnologia-nas-jmj-e-na-mensagem-para-o-dia-mundial-das-comunicacoes-sociais\/\",\"url\":\"https:\/\/www.kyrioschms.com\/pt\/o-papa-francisco-e-a-tecnologia-nas-jmj-e-na-mensagem-para-o-dia-mundial-das-comunicacoes-sociais\/\",\"name\":\"O Papa Francisco e a tecnologia nas JMJ e na mensagem para o Dia Mundial das Comunica\u00e7\u00f5es Sociais &#8226; Kyrios ChMS - Software de Gest\u00e3o Cloud para a Igreja\",\"isPartOf\":{\"@id\":\"https:\/\/www.kyrioschms.com\/#website\"},\"primaryImageOfPage\":{\"@id\":\"https:\/\/www.kyrioschms.com\/pt\/o-papa-francisco-e-a-tecnologia-nas-jmj-e-na-mensagem-para-o-dia-mundial-das-comunicacoes-sociais\/#primaryimage\"},\"image\":{\"@id\":\"https:\/\/www.kyrioschms.com\/pt\/o-papa-francisco-e-a-tecnologia-nas-jmj-e-na-mensagem-para-o-dia-mundial-das-comunicacoes-sociais\/#primaryimage\"},\"thumbnailUrl\":\"https:\/\/i0.wp.com\/www.kyrioschms.com\/wp-content\/uploads\/2019\/02\/papa_francisco.jpg?fit=1024%2C683&ssl=1\",\"datePublished\":\"2019-02-13T10:02:19+00:00\",\"dateModified\":\"2019-02-13T23:50:06+00:00\",\"breadcrumb\":{\"@id\":\"https:\/\/www.kyrioschms.com\/pt\/o-papa-francisco-e-a-tecnologia-nas-jmj-e-na-mensagem-para-o-dia-mundial-das-comunicacoes-sociais\/#breadcrumb\"},\"inLanguage\":\"it-IT\",\"potentialAction\":[{\"@type\":\"ReadAction\",\"target\":[\"https:\/\/www.kyrioschms.com\/pt\/o-papa-francisco-e-a-tecnologia-nas-jmj-e-na-mensagem-para-o-dia-mundial-das-comunicacoes-sociais\/\"]}]},{\"@type\":\"ImageObject\",\"inLanguage\":\"it-IT\",\"@id\":\"https:\/\/www.kyrioschms.com\/pt\/o-papa-francisco-e-a-tecnologia-nas-jmj-e-na-mensagem-para-o-dia-mundial-das-comunicacoes-sociais\/#primaryimage\",\"url\":\"https:\/\/i0.wp.com\/www.kyrioschms.com\/wp-content\/uploads\/2019\/02\/papa_francisco.jpg?fit=1024%2C683&ssl=1\",\"contentUrl\":\"https:\/\/i0.wp.com\/www.kyrioschms.com\/wp-content\/uploads\/2019\/02\/papa_francisco.jpg?fit=1024%2C683&ssl=1\",\"width\":1024,\"height\":683},{\"@type\":\"BreadcrumbList\",\"@id\":\"https:\/\/www.kyrioschms.com\/pt\/o-papa-francisco-e-a-tecnologia-nas-jmj-e-na-mensagem-para-o-dia-mundial-das-comunicacoes-sociais\/#breadcrumb\",\"itemListElement\":[{\"@type\":\"ListItem\",\"position\":1,\"name\":\"Home\",\"item\":\"https:\/\/www.kyrioschms.com\/en\/\"},{\"@type\":\"ListItem\",\"position\":2,\"name\":\"O Papa Francisco e a tecnologia nas JMJ e na mensagem para o Dia Mundial das Comunica\u00e7\u00f5es Sociais\"}]},{\"@type\":\"WebSite\",\"@id\":\"https:\/\/www.kyrioschms.com\/#website\",\"url\":\"https:\/\/www.kyrioschms.com\/\",\"name\":\"Kyrios ChMS - Software de Gest\u00e3o Cloud para a Igreja\",\"description\":\"A solu\u00e7\u00e3o mais completa para a gest\u00e3o e comunica\u00e7\u00e3o da Igreja\",\"publisher\":{\"@id\":\"https:\/\/www.kyrioschms.com\/#organization\"},\"potentialAction\":[{\"@type\":\"SearchAction\",\"target\":{\"@type\":\"EntryPoint\",\"urlTemplate\":\"https:\/\/www.kyrioschms.com\/?s={search_term_string}\"},\"query-input\":{\"@type\":\"PropertyValueSpecification\",\"valueRequired\":true,\"valueName\":\"search_term_string\"}}],\"inLanguage\":\"it-IT\"},{\"@type\":\"Organization\",\"@id\":\"https:\/\/www.kyrioschms.com\/#organization\",\"name\":\"Kyrios ChMS\",\"url\":\"https:\/\/www.kyrioschms.com\/\",\"logo\":{\"@type\":\"ImageObject\",\"inLanguage\":\"it-IT\",\"@id\":\"https:\/\/www.kyrioschms.com\/#\/schema\/logo\/image\/\",\"url\":\"https:\/\/i1.wp.com\/www.kyrioschms.com\/wp-content\/uploads\/2018\/04\/kyrios_chms_logo_azulpkt_hd.png?fit=510%2C190&ssl=1\",\"contentUrl\":\"https:\/\/i1.wp.com\/www.kyrioschms.com\/wp-content\/uploads\/2018\/04\/kyrios_chms_logo_azulpkt_hd.png?fit=510%2C190&ssl=1\",\"width\":510,\"height\":190,\"caption\":\"Kyrios ChMS\"},\"image\":{\"@id\":\"https:\/\/www.kyrioschms.com\/#\/schema\/logo\/image\/\"},\"sameAs\":[\"https:\/\/www.facebook.com\/kyrioschms\/\",\"https:\/\/www.instagram.com\/kyrioschms\/\",\"https:\/\/www.linkedin.com\/showcase\/kyrios\/\",\"https:\/\/www.youtube.com\/channel\/UC1GRlmM_rtlhm1widYExwkg\"]},{\"@type\":\"Person\",\"@id\":\"https:\/\/www.kyrioschms.com\/#\/schema\/person\/5d6d2df441ac69db90fa2441b8751107\",\"name\":\"PeakIT\"}]}<\/script>\n<!-- \/ Yoast SEO plugin. -->","yoast_head_json":{"title":"O Papa Francisco e a tecnologia nas JMJ e na mensagem para o Dia Mundial das Comunica\u00e7\u00f5es Sociais &#8226; Kyrios ChMS - Software de Gest\u00e3o Cloud para a Igreja","robots":{"index":"index","follow":"follow","max-snippet":"max-snippet:-1","max-image-preview":"max-image-preview:large","max-video-preview":"max-video-preview:-1"},"canonical":"http:\/\/www.kyrioschms.com\/it\/il-papa-francesco-e-la-tecnologia-in-jmj-e-messaggio-per-la-giornata-mondiale-delle-comunicazioni-sociali\/","og_locale":"it_IT","og_type":"article","og_title":"O Papa Francisco e a tecnologia nas JMJ e na mensagem para o Dia Mundial das Comunica\u00e7\u00f5es Sociais &#8226; Kyrios ChMS - Software de Gest\u00e3o Cloud para a Igreja","og_description":"\u00a0Subscreva a newsletter &nbsp; As Jornadas Mundiais da Juventude, que aconteceram no Panam\u00e1 em Janeiro, tecnologicamente foram marcadas pelo momento em que o Papa Francisco na pra\u00e7a de S. Pedro, no Vaticano, anunciou ter criado a sua conta de utilizador no Click To Pray. O Papa Francisco utiliza um tablet e diz \u201cA rede pode [&hellip;]","og_url":"http:\/\/www.kyrioschms.com\/it\/il-papa-francesco-e-la-tecnologia-in-jmj-e-messaggio-per-la-giornata-mondiale-delle-comunicazioni-sociali\/","og_site_name":"Kyrios ChMS - Software de Gest\u00e3o Cloud para a Igreja","article_publisher":"https:\/\/www.facebook.com\/kyrioschms\/","article_published_time":"2019-02-13T10:02:19+00:00","article_modified_time":"2019-02-13T23:50:06+00:00","og_image":[{"width":1024,"height":683,"url":"https:\/\/i0.wp.com\/www.kyrioschms.com\/wp-content\/uploads\/2019\/02\/papa_francisco.jpg?fit=1024%2C683&ssl=1","type":"image\/jpeg"}],"author":"PeakIT","twitter_card":"summary_large_image","twitter_misc":{"Scritto da":"PeakIT","Tempo di lettura stimato":"4 minuti"},"schema":{"@context":"https:\/\/schema.org","@graph":[{"@type":"Article","@id":"https:\/\/www.kyrioschms.com\/pt\/o-papa-francisco-e-a-tecnologia-nas-jmj-e-na-mensagem-para-o-dia-mundial-das-comunicacoes-sociais\/#article","isPartOf":{"@id":"https:\/\/www.kyrioschms.com\/pt\/o-papa-francisco-e-a-tecnologia-nas-jmj-e-na-mensagem-para-o-dia-mundial-das-comunicacoes-sociais\/"},"author":{"name":"PeakIT","@id":"https:\/\/www.kyrioschms.com\/#\/schema\/person\/5d6d2df441ac69db90fa2441b8751107"},"headline":"O Papa Francisco e a tecnologia nas JMJ e na mensagem para o Dia Mundial das Comunica\u00e7\u00f5es Sociais","datePublished":"2019-02-13T10:02:19+00:00","dateModified":"2019-02-13T23:50:06+00:00","mainEntityOfPage":{"@id":"https:\/\/www.kyrioschms.com\/pt\/o-papa-francisco-e-a-tecnologia-nas-jmj-e-na-mensagem-para-o-dia-mundial-das-comunicacoes-sociais\/"},"wordCount":837,"publisher":{"@id":"https:\/\/www.kyrioschms.com\/#organization"},"image":{"@id":"https:\/\/www.kyrioschms.com\/pt\/o-papa-francisco-e-a-tecnologia-nas-jmj-e-na-mensagem-para-o-dia-mundial-das-comunicacoes-sociais\/#primaryimage"},"thumbnailUrl":"https:\/\/i0.wp.com\/www.kyrioschms.com\/wp-content\/uploads\/2019\/02\/papa_francisco.jpg?fit=1024%2C683&ssl=1","articleSection":["Artigos","PT"],"inLanguage":"it-IT"},{"@type":"WebPage","@id":"https:\/\/www.kyrioschms.com\/pt\/o-papa-francisco-e-a-tecnologia-nas-jmj-e-na-mensagem-para-o-dia-mundial-das-comunicacoes-sociais\/","url":"https:\/\/www.kyrioschms.com\/pt\/o-papa-francisco-e-a-tecnologia-nas-jmj-e-na-mensagem-para-o-dia-mundial-das-comunicacoes-sociais\/","name":"O Papa Francisco e a tecnologia nas JMJ e na mensagem para o Dia Mundial das Comunica\u00e7\u00f5es Sociais &#8226; Kyrios ChMS - Software de Gest\u00e3o Cloud para a Igreja","isPartOf":{"@id":"https:\/\/www.kyrioschms.com\/#website"},"primaryImageOfPage":{"@id":"https:\/\/www.kyrioschms.com\/pt\/o-papa-francisco-e-a-tecnologia-nas-jmj-e-na-mensagem-para-o-dia-mundial-das-comunicacoes-sociais\/#primaryimage"},"image":{"@id":"https:\/\/www.kyrioschms.com\/pt\/o-papa-francisco-e-a-tecnologia-nas-jmj-e-na-mensagem-para-o-dia-mundial-das-comunicacoes-sociais\/#primaryimage"},"thumbnailUrl":"https:\/\/i0.wp.com\/www.kyrioschms.com\/wp-content\/uploads\/2019\/02\/papa_francisco.jpg?fit=1024%2C683&ssl=1","datePublished":"2019-02-13T10:02:19+00:00","dateModified":"2019-02-13T23:50:06+00:00","breadcrumb":{"@id":"https:\/\/www.kyrioschms.com\/pt\/o-papa-francisco-e-a-tecnologia-nas-jmj-e-na-mensagem-para-o-dia-mundial-das-comunicacoes-sociais\/#breadcrumb"},"inLanguage":"it-IT","potentialAction":[{"@type":"ReadAction","target":["https:\/\/www.kyrioschms.com\/pt\/o-papa-francisco-e-a-tecnologia-nas-jmj-e-na-mensagem-para-o-dia-mundial-das-comunicacoes-sociais\/"]}]},{"@type":"ImageObject","inLanguage":"it-IT","@id":"https:\/\/www.kyrioschms.com\/pt\/o-papa-francisco-e-a-tecnologia-nas-jmj-e-na-mensagem-para-o-dia-mundial-das-comunicacoes-sociais\/#primaryimage","url":"https:\/\/i0.wp.com\/www.kyrioschms.com\/wp-content\/uploads\/2019\/02\/papa_francisco.jpg?fit=1024%2C683&ssl=1","contentUrl":"https:\/\/i0.wp.com\/www.kyrioschms.com\/wp-content\/uploads\/2019\/02\/papa_francisco.jpg?fit=1024%2C683&ssl=1","width":1024,"height":683},{"@type":"BreadcrumbList","@id":"https:\/\/www.kyrioschms.com\/pt\/o-papa-francisco-e-a-tecnologia-nas-jmj-e-na-mensagem-para-o-dia-mundial-das-comunicacoes-sociais\/#breadcrumb","itemListElement":[{"@type":"ListItem","position":1,"name":"Home","item":"https:\/\/www.kyrioschms.com\/en\/"},{"@type":"ListItem","position":2,"name":"O Papa Francisco e a tecnologia nas JMJ e na mensagem para o Dia Mundial das Comunica\u00e7\u00f5es Sociais"}]},{"@type":"WebSite","@id":"https:\/\/www.kyrioschms.com\/#website","url":"https:\/\/www.kyrioschms.com\/","name":"Kyrios ChMS - Software de Gest\u00e3o Cloud para a Igreja","description":"A solu\u00e7\u00e3o mais completa para a gest\u00e3o e comunica\u00e7\u00e3o da Igreja","publisher":{"@id":"https:\/\/www.kyrioschms.com\/#organization"},"potentialAction":[{"@type":"SearchAction","target":{"@type":"EntryPoint","urlTemplate":"https:\/\/www.kyrioschms.com\/?s={search_term_string}"},"query-input":{"@type":"PropertyValueSpecification","valueRequired":true,"valueName":"search_term_string"}}],"inLanguage":"it-IT"},{"@type":"Organization","@id":"https:\/\/www.kyrioschms.com\/#organization","name":"Kyrios ChMS","url":"https:\/\/www.kyrioschms.com\/","logo":{"@type":"ImageObject","inLanguage":"it-IT","@id":"https:\/\/www.kyrioschms.com\/#\/schema\/logo\/image\/","url":"https:\/\/i1.wp.com\/www.kyrioschms.com\/wp-content\/uploads\/2018\/04\/kyrios_chms_logo_azulpkt_hd.png?fit=510%2C190&ssl=1","contentUrl":"https:\/\/i1.wp.com\/www.kyrioschms.com\/wp-content\/uploads\/2018\/04\/kyrios_chms_logo_azulpkt_hd.png?fit=510%2C190&ssl=1","width":510,"height":190,"caption":"Kyrios ChMS"},"image":{"@id":"https:\/\/www.kyrioschms.com\/#\/schema\/logo\/image\/"},"sameAs":["https:\/\/www.facebook.com\/kyrioschms\/","https:\/\/www.instagram.com\/kyrioschms\/","https:\/\/www.linkedin.com\/showcase\/kyrios\/","https:\/\/www.youtube.com\/channel\/UC1GRlmM_rtlhm1widYExwkg"]},{"@type":"Person","@id":"https:\/\/www.kyrioschms.com\/#\/schema\/person\/5d6d2df441ac69db90fa2441b8751107","name":"PeakIT"}]}},"jetpack_featured_media_url":"https:\/\/i0.wp.com\/www.kyrioschms.com\/wp-content\/uploads\/2019\/02\/papa_francisco.jpg?fit=1024%2C683&ssl=1","jetpack_sharing_enabled":true,"jetpack_shortlink":"https:\/\/wp.me\/p9TNmE-s9","_links":{"self":[{"href":"http:\/\/www.kyrioschms.com\/it\/wp-json\/wp\/v2\/posts\/1745","targetHints":{"allow":["GET"]}}],"collection":[{"href":"http:\/\/www.kyrioschms.com\/it\/wp-json\/wp\/v2\/posts"}],"about":[{"href":"http:\/\/www.kyrioschms.com\/it\/wp-json\/wp\/v2\/types\/post"}],"author":[{"embeddable":true,"href":"http:\/\/www.kyrioschms.com\/it\/wp-json\/wp\/v2\/users\/1"}],"replies":[{"embeddable":true,"href":"http:\/\/www.kyrioschms.com\/it\/wp-json\/wp\/v2\/comments?post=1745"}],"version-history":[{"count":0,"href":"http:\/\/www.kyrioschms.com\/it\/wp-json\/wp\/v2\/posts\/1745\/revisions"}],"wp:featuredmedia":[{"embeddable":true,"href":"http:\/\/www.kyrioschms.com\/it\/wp-json\/wp\/v2\/media\/1746"}],"wp:attachment":[{"href":"http:\/\/www.kyrioschms.com\/it\/wp-json\/wp\/v2\/media?parent=1745"}],"wp:term":[{"taxonomy":"category","embeddable":true,"href":"http:\/\/www.kyrioschms.com\/it\/wp-json\/wp\/v2\/categories?post=1745"},{"taxonomy":"post_tag","embeddable":true,"href":"http:\/\/www.kyrioschms.com\/it\/wp-json\/wp\/v2\/tags?post=1745"}],"curies":[{"name":"wp","href":"https:\/\/api.w.org\/{rel}","templated":true}]}}