{"id":1745,"date":"2019-02-13T10:02:19","date_gmt":"2019-02-13T10:02:19","guid":{"rendered":"http:\/\/www.kyrioschms.com\/?p=1745"},"modified":"2019-02-13T23:50:06","modified_gmt":"2019-02-13T23:50:06","slug":"o-papa-francisco-e-a-tecnologia-nas-jmj-e-na-mensagem-para-o-dia-mundial-das-comunicacoes-sociais","status":"publish","type":"post","link":"http:\/\/www.kyrioschms.com\/es\/el-papa-francisco-y-la-tecnologia-en-el-mundo-y-el-mensaje-para-el-dia-mundial-de-las-comunicaciones-sociales\/","title":{"rendered":"El Papa Francisco y la tecnolog\u00eda en la JMJ y el mensaje de la Jornada Mundial de las Comunicaciones"},"content":{"rendered":"<div class=\"elementor-element elementor-element-535c8bf elementor-widget elementor-widget-themo-call-to-action\" data-id=\"535c8bf\" data-element_type=\"themo-call-to-action.default\">\n<div class=\"elementor-widget-container\">\n<div class=\"th-cta\">\n<div class=\"th-cta-text\"><a class=\"btn-1 btn th-btn btn-standard-primary\" href=\"http:\/\/eepurl.com\/dIVng1\" target=\"_blank\" rel=\"noopener\"><img data-recalc-dims=\"1\" decoding=\"async\" class=\"alignnone wp-image-1365\" src=\"https:\/\/i0.wp.com\/www.kyrioschms.com\/wp-content\/uploads\/2018\/12\/newsletter-150x150.png?resize=50%2C50\" alt=\"\" width=\"50\" height=\"50\" srcset=\"\/\/i0.wp.com\/www.kyrioschms.com\/wp-content\/uploads\/2018\/12\/newsletter.png?resize=150%2C150&amp;ssl=1 150w, \/\/i0.wp.com\/www.kyrioschms.com\/wp-content\/uploads\/2018\/12\/newsletter.png?resize=300%2C300&amp;ssl=1 300w, \/\/i0.wp.com\/www.kyrioschms.com\/wp-content\/uploads\/2018\/12\/newsletter.png?resize=100%2C100&amp;ssl=1 100w, \/\/i0.wp.com\/www.kyrioschms.com\/wp-content\/uploads\/2018\/12\/newsletter.png?resize=600%2C600&amp;ssl=1 600w, \/\/i0.wp.com\/www.kyrioschms.com\/wp-content\/uploads\/2018\/12\/newsletter.png?resize=80%2C80&amp;ssl=1 80w, \/\/i0.wp.com\/www.kyrioschms.com\/wp-content\/uploads\/2018\/12\/newsletter.png?resize=394%2C394&amp;ssl=1 394w, \/\/i0.wp.com\/www.kyrioschms.com\/wp-content\/uploads\/2018\/12\/newsletter.png?resize=303%2C303&amp;ssl=1 303w, \/\/i0.wp.com\/www.kyrioschms.com\/wp-content\/uploads\/2018\/12\/newsletter.png?resize=605%2C605&amp;ssl=1 605w, \/\/i0.wp.com\/www.kyrioschms.com\/wp-content\/uploads\/2018\/12\/newsletter.png?resize=700%2C700&amp;ssl=1 700w, \/\/i0.wp.com\/www.kyrioschms.com\/wp-content\/uploads\/2018\/12\/newsletter.png?w=720&amp;ssl=1 720w\" sizes=\"(max-width: 50px) 100vw, 50px\" \/>\u00a0Suscr\u00edbete al bolet\u00edn<\/a><\/div>\n<\/div>\n<\/div>\n<\/div>\n<p>&nbsp;<\/p>\n<p>Las Jornadas Mundiales de la Juventud, que tuvieron lugar en Panam\u00e1 en enero, estuvieron marcadas tecnol\u00f3gicamente por el momento en que el Papa Francisco en la Plaza de San Pedro, en el Vaticano, anunci\u00f3 que cre\u00f3 su cuenta de usuario en <a href=\"https:\/\/clicktopray.org\/\" target=\"_blank\" rel=\"noopener\">Haga clic para orar<\/a>.<\/p>\n<p><img data-recalc-dims=\"1\" fetchpriority=\"high\" decoding=\"async\" class=\"aligncenter wp-image-1748 size-large\" src=\"https:\/\/i0.wp.com\/www.kyrioschms.com\/wp-content\/uploads\/2019\/02\/writing-work-hand-screen-typing-read-670665-pxhere.com_-1024x683.jpg?resize=800%2C534\" alt=\"\" width=\"800\" height=\"534\" srcset=\"\/\/i0.wp.com\/www.kyrioschms.com\/wp-content\/uploads\/2019\/02\/writing-work-hand-screen-typing-read-670665-pxhere.com_-scaled.jpg?resize=1024%2C683&amp;ssl=1 1024w, \/\/i0.wp.com\/www.kyrioschms.com\/wp-content\/uploads\/2019\/02\/writing-work-hand-screen-typing-read-670665-pxhere.com_-scaled.jpg?resize=600%2C400&amp;ssl=1 600w, \/\/i0.wp.com\/www.kyrioschms.com\/wp-content\/uploads\/2019\/02\/writing-work-hand-screen-typing-read-670665-pxhere.com_-scaled.jpg?resize=300%2C200&amp;ssl=1 300w, \/\/i0.wp.com\/www.kyrioschms.com\/wp-content\/uploads\/2019\/02\/writing-work-hand-screen-typing-read-670665-pxhere.com_-scaled.jpg?resize=768%2C512&amp;ssl=1 768w, \/\/i0.wp.com\/www.kyrioschms.com\/wp-content\/uploads\/2019\/02\/writing-work-hand-screen-typing-read-670665-pxhere.com_-scaled.jpg?resize=56%2C37&amp;ssl=1 56w, \/\/i0.wp.com\/www.kyrioschms.com\/wp-content\/uploads\/2019\/02\/writing-work-hand-screen-typing-read-670665-pxhere.com_-scaled.jpg?resize=120%2C80&amp;ssl=1 120w, \/\/i0.wp.com\/www.kyrioschms.com\/wp-content\/uploads\/2019\/02\/writing-work-hand-screen-typing-read-670665-pxhere.com_-scaled.jpg?resize=394%2C263&amp;ssl=1 394w, \/\/i0.wp.com\/www.kyrioschms.com\/wp-content\/uploads\/2019\/02\/writing-work-hand-screen-typing-read-670665-pxhere.com_-scaled.jpg?resize=915%2C610&amp;ssl=1 915w, \/\/i0.wp.com\/www.kyrioschms.com\/wp-content\/uploads\/2019\/02\/writing-work-hand-screen-typing-read-670665-pxhere.com_-scaled.jpg?resize=1240%2C827&amp;ssl=1 1240w, \/\/i0.wp.com\/www.kyrioschms.com\/wp-content\/uploads\/2019\/02\/writing-work-hand-screen-typing-read-670665-pxhere.com_-scaled.jpg?resize=1620%2C1080&amp;ssl=1 1620w, \/\/i0.wp.com\/www.kyrioschms.com\/wp-content\/uploads\/2019\/02\/writing-work-hand-screen-typing-read-670665-pxhere.com_-scaled.jpg?w=2400&amp;ssl=1 2400w\" sizes=\"(max-width: 800px) 100vw, 800px\" \/><\/p>\n<p><strong>El Papa Francisco usa una tableta y dice<\/strong><\/p>\n<blockquote><p>\u201cLa red puede ayudarnos a rezar juntos. Por ello, me gustar\u00eda presentar la aplicaci\u00f3n oficial de la Red Mundial de Oraci\u00f3n del Papa: &#039;Click To Pray&#039; \u201d.<\/p><\/blockquote>\n<p>Este fue sin duda un momento hist\u00f3rico, ya que muestra la importancia que tiene la presencia en l\u00ednea para la Iglesia en la actualidad.<\/p>\n<p>La aplicaci\u00f3n Click To Pray fue sin duda una novedad que la Red Mundial de Oraci\u00f3n del Papa le dio a la Iglesia y, siendo asumida por el Papa como un veh\u00edculo fundamental para la oraci\u00f3n hoy, muestra claramente c\u00f3mo la tecnolog\u00eda es una parte integral de todos nosotros.<\/p>\n<p><img data-recalc-dims=\"1\" decoding=\"async\" class=\"aligncenter wp-image-1749 size-large\" src=\"https:\/\/i0.wp.com\/www.kyrioschms.com\/wp-content\/uploads\/2019\/02\/JMJ_2013-_789_dos_participantes_avaliam_a_seguranc%CC%A7a_pu%CC%81blica_como_sendo_o%CC%81timo_ou_bom_9418441180-1024x683.jpg?resize=800%2C534\" alt=\"\" width=\"800\" height=\"534\" srcset=\"\/\/i0.wp.com\/www.kyrioschms.com\/wp-content\/uploads\/2019\/02\/JMJ_2013-_789_dos_participantes_avaliam_a_seguranc%CC%A7a_pu%CC%81blica_como_sendo_o%CC%81timo_ou_bom_9418441180-scaled.jpg?resize=1024%2C683&amp;ssl=1 1024w, \/\/i0.wp.com\/www.kyrioschms.com\/wp-content\/uploads\/2019\/02\/JMJ_2013-_789_dos_participantes_avaliam_a_seguranc%CC%A7a_pu%CC%81blica_como_sendo_o%CC%81timo_ou_bom_9418441180-scaled.jpg?resize=600%2C400&amp;ssl=1 600w, \/\/i0.wp.com\/www.kyrioschms.com\/wp-content\/uploads\/2019\/02\/JMJ_2013-_789_dos_participantes_avaliam_a_seguranc%CC%A7a_pu%CC%81blica_como_sendo_o%CC%81timo_ou_bom_9418441180-scaled.jpg?resize=300%2C200&amp;ssl=1 300w, \/\/i0.wp.com\/www.kyrioschms.com\/wp-content\/uploads\/2019\/02\/JMJ_2013-_789_dos_participantes_avaliam_a_seguranc%CC%A7a_pu%CC%81blica_como_sendo_o%CC%81timo_ou_bom_9418441180-scaled.jpg?resize=768%2C512&amp;ssl=1 768w, \/\/i0.wp.com\/www.kyrioschms.com\/wp-content\/uploads\/2019\/02\/JMJ_2013-_789_dos_participantes_avaliam_a_seguranc%CC%A7a_pu%CC%81blica_como_sendo_o%CC%81timo_ou_bom_9418441180-scaled.jpg?resize=56%2C37&amp;ssl=1 56w, \/\/i0.wp.com\/www.kyrioschms.com\/wp-content\/uploads\/2019\/02\/JMJ_2013-_789_dos_participantes_avaliam_a_seguranc%CC%A7a_pu%CC%81blica_como_sendo_o%CC%81timo_ou_bom_9418441180-scaled.jpg?resize=120%2C80&amp;ssl=1 120w, \/\/i0.wp.com\/www.kyrioschms.com\/wp-content\/uploads\/2019\/02\/JMJ_2013-_789_dos_participantes_avaliam_a_seguranc%CC%A7a_pu%CC%81blica_como_sendo_o%CC%81timo_ou_bom_9418441180-scaled.jpg?resize=394%2C263&amp;ssl=1 394w, \/\/i0.wp.com\/www.kyrioschms.com\/wp-content\/uploads\/2019\/02\/JMJ_2013-_789_dos_participantes_avaliam_a_seguranc%CC%A7a_pu%CC%81blica_como_sendo_o%CC%81timo_ou_bom_9418441180-scaled.jpg?resize=915%2C610&amp;ssl=1 915w, \/\/i0.wp.com\/www.kyrioschms.com\/wp-content\/uploads\/2019\/02\/JMJ_2013-_789_dos_participantes_avaliam_a_seguranc%CC%A7a_pu%CC%81blica_como_sendo_o%CC%81timo_ou_bom_9418441180-scaled.jpg?resize=1240%2C827&amp;ssl=1 1240w, \/\/i0.wp.com\/www.kyrioschms.com\/wp-content\/uploads\/2019\/02\/JMJ_2013-_789_dos_participantes_avaliam_a_seguranc%CC%A7a_pu%CC%81blica_como_sendo_o%CC%81timo_ou_bom_9418441180-scaled.jpg?resize=1620%2C1080&amp;ssl=1 1620w, \/\/i0.wp.com\/www.kyrioschms.com\/wp-content\/uploads\/2019\/02\/JMJ_2013-_789_dos_participantes_avaliam_a_seguranc%CC%A7a_pu%CC%81blica_como_sendo_o%CC%81timo_ou_bom_9418441180-scaled.jpg?w=2400&amp;ssl=1 2400w\" sizes=\"(max-width: 800px) 100vw, 800px\" \/><\/p>\n<p>Aprovech\u00f3 la oportunidad y tambi\u00e9n record\u00f3 que pronto publicar\u00eda el Mensaje por el D\u00eda Mundial de las Comunicaciones Sociales, que ocurri\u00f3 el 24 de enero (<a href=\"http:\/\/w2.vatican.va\/content\/francesco\/pt\/messages\/communications\/documents\/papa-francesco_20190124_messaggio-comunicazioni-sociali.html\">leer aqu\u00ed<\/a>).<\/p>\n<p>De este texto, transcribimos este extracto en particular:<\/p>\n<p><strong>De \u00abme gusta\u00bb a \u00abam\u00e9n\u00bb<\/strong><\/p>\n<blockquote><p>\u201cLa imagen del cuerpo y de los miembros nos recuerda que el uso de la red social es complementario al encuentro en la carne, vivido a trav\u00e9s del cuerpo, el coraz\u00f3n, los ojos, la contemplaci\u00f3n, la respiraci\u00f3n del otro. Si la red se usa como una extensi\u00f3n o expectativa de tal encuentro, entonces no se traiciona a s\u00ed misma y sigue siendo un recurso para la comuni\u00f3n. Si una familia usa la red para estar m\u00e1s conectada, para luego encontrarse en la mesa y mirarse a los ojos, entonces es un recurso. Si una comunidad eclesial coordina su actividad a trav\u00e9s de la red, para luego celebrar juntos la Eucarist\u00eda, entonces es un recurso. Si la red es una oportunidad para acercarnos a casos y vivencias de bondad o sufrimiento f\u00edsicamente alejados de m\u00ed, para rezar juntos y, juntos, buscar el bien en el descubrimiento de lo que nos une, entonces es un recurso.<\/p>\n<p>As\u00ed, podemos pasar del diagn\u00f3stico a la terapia: abrir el camino al di\u00e1logo, el encuentro, la sonrisa, el cuidado ... Esta es la red que queremos: una red hecha, no para capturar, sino para liberar, para preservar una comunidad de personas libres. . La Iglesia misma es una red tejida por la Comuni\u00f3n Eucar\u00edstica, donde la uni\u00f3n no se basa en los gustos [&quot;como&quot;], sino en el &quot;am\u00e9n&quot; con el que cada uno se adhiere al Cuerpo de Cristo, acogiendo a los dem\u00e1s &quot;.<\/p><\/blockquote>\n<p>Mirando estos dos grandes momentos de comunicaci\u00f3n, comuni\u00f3n y comunidad es f\u00e1cil ver que el futuro siempre pasa por las personas y el ir a encontrarlas es parte fundamental de la Iglesia.<\/p>\n<p><img data-recalc-dims=\"1\" loading=\"lazy\" decoding=\"async\" class=\"wp-image-1750 size-large\" src=\"https:\/\/i0.wp.com\/www.kyrioschms.com\/wp-content\/uploads\/2019\/02\/16752085669_b8eb2b316c_o-1024x683.jpg?resize=800%2C534\" alt=\"\" width=\"800\" height=\"534\" srcset=\"\/\/i0.wp.com\/www.kyrioschms.com\/wp-content\/uploads\/2019\/02\/16752085669_b8eb2b316c_o.jpg?resize=1024%2C683&amp;ssl=1 1024w, \/\/i0.wp.com\/www.kyrioschms.com\/wp-content\/uploads\/2019\/02\/16752085669_b8eb2b316c_o.jpg?resize=600%2C400&amp;ssl=1 600w, \/\/i0.wp.com\/www.kyrioschms.com\/wp-content\/uploads\/2019\/02\/16752085669_b8eb2b316c_o.jpg?resize=300%2C200&amp;ssl=1 300w, \/\/i0.wp.com\/www.kyrioschms.com\/wp-content\/uploads\/2019\/02\/16752085669_b8eb2b316c_o.jpg?resize=768%2C512&amp;ssl=1 768w, \/\/i0.wp.com\/www.kyrioschms.com\/wp-content\/uploads\/2019\/02\/16752085669_b8eb2b316c_o.jpg?resize=55%2C37&amp;ssl=1 55w, \/\/i0.wp.com\/www.kyrioschms.com\/wp-content\/uploads\/2019\/02\/16752085669_b8eb2b316c_o.jpg?resize=120%2C80&amp;ssl=1 120w, \/\/i0.wp.com\/www.kyrioschms.com\/wp-content\/uploads\/2019\/02\/16752085669_b8eb2b316c_o.jpg?resize=394%2C263&amp;ssl=1 394w, \/\/i0.wp.com\/www.kyrioschms.com\/wp-content\/uploads\/2019\/02\/16752085669_b8eb2b316c_o.jpg?resize=915%2C610&amp;ssl=1 915w, \/\/i0.wp.com\/www.kyrioschms.com\/wp-content\/uploads\/2019\/02\/16752085669_b8eb2b316c_o.jpg?resize=1240%2C827&amp;ssl=1 1240w, \/\/i0.wp.com\/www.kyrioschms.com\/wp-content\/uploads\/2019\/02\/16752085669_b8eb2b316c_o.jpg?resize=1619%2C1080&amp;ssl=1 1619w, \/\/i0.wp.com\/www.kyrioschms.com\/wp-content\/uploads\/2019\/02\/16752085669_b8eb2b316c_o.jpg?w=1964&amp;ssl=1 1964w\" sizes=\"(max-width: 800px) 100vw, 800px\" \/><\/p>\n<p><strong>Kyrios ChMS se basa en la gesti\u00f3n y la comunicaci\u00f3n para la Iglesia<\/strong><\/p>\n<p>Desde su nacimiento, los principales vectores de Kyrios ChMS han sido ayudar a la Iglesia y a todos sus grupos de inter\u00e9s, desde Parroquias, Instituciones, as\u00ed como a cualquier grupo de j\u00f3venes, a evolucionar y mantenerse al d\u00eda con los nuevos tiempos, nuevas tendencias y todo esta evoluci\u00f3n que cambia constantemente la forma de comunicarse y vivir en comunidad.<\/p>\n<p>En Kyrios encontrar\u00e1s las herramientas y equipo que pueden ayudarte a dar este salto, para que puedas mejorar tu organizaci\u00f3n, con una gesti\u00f3n normal como tesorer\u00eda, familias o procesos, pero tambi\u00e9n con la parte de la comunicaci\u00f3n con las P\u00e1ginas de Internet, Newsletters y App. , con enlaces a redes sociales, convirti\u00e9ndose en un HUB gestionado de forma centralizada de todas las herramientas que utilizan las comunidades, lo que le permite tambi\u00e9n estar presente, monitorizar y evolucionar conjuntamente.<\/p>\n<p><img data-recalc-dims=\"1\" loading=\"lazy\" decoding=\"async\" class=\"alignnone wp-image-874 size-large\" src=\"https:\/\/i0.wp.com\/www.kyrioschms.com\/wp-content\/uploads\/2018\/06\/slide_woman_kyrios-1024x400.jpg?resize=800%2C313\" alt=\"\" width=\"800\" height=\"313\" srcset=\"\/\/i0.wp.com\/www.kyrioschms.com\/wp-content\/uploads\/2018\/06\/slide_woman_kyrios.jpg?resize=1024%2C400&amp;ssl=1 1024w, \/\/i0.wp.com\/www.kyrioschms.com\/wp-content\/uploads\/2018\/06\/slide_woman_kyrios.jpg?resize=600%2C234&amp;ssl=1 600w, \/\/i0.wp.com\/www.kyrioschms.com\/wp-content\/uploads\/2018\/06\/slide_woman_kyrios.jpg?resize=300%2C117&amp;ssl=1 300w, \/\/i0.wp.com\/www.kyrioschms.com\/wp-content\/uploads\/2018\/06\/slide_woman_kyrios.jpg?resize=768%2C300&amp;ssl=1 768w, \/\/i0.wp.com\/www.kyrioschms.com\/wp-content\/uploads\/2018\/06\/slide_woman_kyrios.jpg?resize=256%2C100&amp;ssl=1 256w, \/\/i0.wp.com\/www.kyrioschms.com\/wp-content\/uploads\/2018\/06\/slide_woman_kyrios.jpg?resize=205%2C80&amp;ssl=1 205w, \/\/i0.wp.com\/www.kyrioschms.com\/wp-content\/uploads\/2018\/06\/slide_woman_kyrios.jpg?resize=394%2C154&amp;ssl=1 394w, \/\/i0.wp.com\/www.kyrioschms.com\/wp-content\/uploads\/2018\/06\/slide_woman_kyrios.jpg?resize=915%2C357&amp;ssl=1 915w, \/\/i0.wp.com\/www.kyrioschms.com\/wp-content\/uploads\/2018\/06\/slide_woman_kyrios.jpg?resize=1240%2C484&amp;ssl=1 1240w, \/\/i0.wp.com\/www.kyrioschms.com\/wp-content\/uploads\/2018\/06\/slide_woman_kyrios.jpg?w=1920&amp;ssl=1 1920w, \/\/i0.wp.com\/www.kyrioschms.com\/wp-content\/uploads\/2018\/06\/slide_woman_kyrios.jpg?w=1600&amp;ssl=1 1600w\" sizes=\"(max-width: 800px) 100vw, 800px\" \/><\/p>\n<p><strong>Con Kyrios ChMS, puede:<\/strong><\/p>\n<ul>\n<li>Realizar la <a href=\"http:\/\/www.kyrioschms.com\/es\/chms-caracteristicas\/\">gesti\u00f3n diaria de cualquier parroquia o grupo<\/a> (Gesti\u00f3n de entidades, Familias, Tesorer\u00eda, Contabilidad, Catequesis, Procesos,\u2026);<\/li>\n<li>Ten tu <a href=\"http:\/\/www.kyrioschms.com\/es\/sitio-web\/\">P\u00e1gina de Internet<\/a>, sencillo, sencillo, funcional y conectado a las redes sociales;<\/li>\n<li>Ten tu <a href=\"http:\/\/www.kyrioschms.com\/es\/sitio-web\/\">aplicaci\u00f3n para smartphone<\/a> para que su comunidad pueda acceder m\u00e1s f\u00e1cilmente a noticias, eventos, contenido y gesti\u00f3n de la catequesis;<\/li>\n<\/ul>\n<p>Cuente con nosotros, trabajamos todos los d\u00edas para hacer de Kyrios ChMS la mejor soluci\u00f3n para ayudar a la Iglesia en su misi\u00f3n.<\/p>\n<p>&nbsp;<\/p>\n<p><em>\u00a1Cont\u00e1ctanos y te ayudaremos!<\/em><\/p>\n<p>En Kyrios ChMS encontrar\u00e1 las herramientas adecuadas para sus actividades del d\u00eda a d\u00eda, como funciones para comunicarse con su comunidad y grupos de trabajo.<\/p>\n<p>Puede contar con nuestra oferta de <a href=\"http:\/\/www.kyrioschms.com\/es\/sitio-web\/\">Sitio web + Aplicaci\u00f3n m\u00f3vil + Correos electr\u00f3nicos profesionales + Boletines<\/a> <strong>gratis por 30 d\u00edas<\/strong> y, si desea unirse, el valor de unirse ser\u00e1 muy bajo, para que todos puedan beneficiarse de estas herramientas de comunicaci\u00f3n esenciales para la Iglesia de hoy.<\/p>","protected":false},"excerpt":{"rendered":"<p>\u00a0Suscr\u00edbete al bolet\u00edn Las Jornadas Mundiales de la Juventud, que tuvieron lugar en enero en Panam\u00e1, estuvieron tecnol\u00f3gicamente marcadas por el momento en que el Papa Francisco en la Plaza de San Pedro en el Vaticano anunci\u00f3 que hab\u00eda creado su cuenta de usuario Click To Pray. El Papa Francisco usa una tableta y dice \u201cLa red puede [\u2026]<\/p>","protected":false},"author":1,"featured_media":1746,"comment_status":"closed","ping_status":"closed","sticky":false,"template":"","format":"standard","meta":{"inline_featured_image":false,"jetpack_post_was_ever_published":false,"_jetpack_newsletter_access":"","_jetpack_dont_email_post_to_subs":false,"_jetpack_newsletter_tier_id":0,"_jetpack_memberships_contains_paywalled_content":false,"_jetpack_memberships_contains_paid_content":false,"footnotes":"","jetpack_publicize_message":"","jetpack_publicize_feature_enabled":true,"jetpack_social_post_already_shared":true,"jetpack_social_options":{"image_generator_settings":{"template":"highway","enabled":false},"version":2}},"categories":[129,131],"tags":[],"class_list":["post-1745","post","type-post","status-publish","format-standard","has-post-thumbnail","hentry","category-artigos","category-pt"],"jetpack_publicize_connections":[],"yoast_head":"<!-- This site is optimized with the Yoast SEO plugin v24.8.1 - https:\/\/yoast.com\/wordpress\/plugins\/seo\/ -->\n<title>O Papa Francisco e a tecnologia nas JMJ e na mensagem para o Dia Mundial das Comunica\u00e7\u00f5es Sociais &#8226; Kyrios ChMS - Software de Gest\u00e3o Cloud para a Igreja<\/title>\n<meta name=\"robots\" content=\"index, follow, max-snippet:-1, max-image-preview:large, max-video-preview:-1\" \/>\n<link rel=\"canonical\" href=\"http:\/\/www.kyrioschms.com\/es\/el-papa-francisco-y-la-tecnologia-en-el-mundo-y-el-mensaje-para-el-dia-mundial-de-las-comunicaciones-sociales\/\" \/>\n<meta property=\"og:locale\" content=\"es_ES\" \/>\n<meta property=\"og:type\" content=\"article\" \/>\n<meta property=\"og:title\" content=\"O Papa Francisco e a tecnologia nas JMJ e na mensagem para o Dia Mundial das Comunica\u00e7\u00f5es Sociais &#8226; Kyrios ChMS - Software de Gest\u00e3o Cloud para a Igreja\" \/>\n<meta property=\"og:description\" content=\"\u00a0Subscreva a newsletter &nbsp; As Jornadas Mundiais da Juventude, que aconteceram no Panam\u00e1 em Janeiro, tecnologicamente foram marcadas pelo momento em que o Papa Francisco na pra\u00e7a de S. Pedro, no Vaticano, anunciou ter criado a sua conta de utilizador no Click To Pray. O Papa Francisco utiliza um tablet e diz \u201cA rede pode [&hellip;]\" \/>\n<meta property=\"og:url\" content=\"http:\/\/www.kyrioschms.com\/es\/el-papa-francisco-y-la-tecnologia-en-el-mundo-y-el-mensaje-para-el-dia-mundial-de-las-comunicaciones-sociales\/\" \/>\n<meta property=\"og:site_name\" content=\"Kyrios ChMS - Software de Gest\u00e3o Cloud para a Igreja\" \/>\n<meta property=\"article:publisher\" content=\"https:\/\/www.facebook.com\/kyrioschms\/\" \/>\n<meta property=\"article:published_time\" content=\"2019-02-13T10:02:19+00:00\" \/>\n<meta property=\"article:modified_time\" content=\"2019-02-13T23:50:06+00:00\" \/>\n<meta property=\"og:image\" content=\"https:\/\/i0.wp.com\/www.kyrioschms.com\/wp-content\/uploads\/2019\/02\/papa_francisco.jpg?fit=1024%2C683&ssl=1\" \/>\n\t<meta property=\"og:image:width\" content=\"1024\" \/>\n\t<meta property=\"og:image:height\" content=\"683\" \/>\n\t<meta property=\"og:image:type\" content=\"image\/jpeg\" \/>\n<meta name=\"author\" content=\"PeakIT\" \/>\n<meta name=\"twitter:card\" content=\"summary_large_image\" \/>\n<meta name=\"twitter:label1\" content=\"Escrito por\" \/>\n\t<meta name=\"twitter:data1\" content=\"PeakIT\" \/>\n\t<meta name=\"twitter:label2\" content=\"Tiempo de lectura\" \/>\n\t<meta name=\"twitter:data2\" content=\"4 minutos\" \/>\n<script type=\"application\/ld+json\" class=\"yoast-schema-graph\">{\"@context\":\"https:\/\/schema.org\",\"@graph\":[{\"@type\":\"Article\",\"@id\":\"https:\/\/www.kyrioschms.com\/pt\/o-papa-francisco-e-a-tecnologia-nas-jmj-e-na-mensagem-para-o-dia-mundial-das-comunicacoes-sociais\/#article\",\"isPartOf\":{\"@id\":\"https:\/\/www.kyrioschms.com\/pt\/o-papa-francisco-e-a-tecnologia-nas-jmj-e-na-mensagem-para-o-dia-mundial-das-comunicacoes-sociais\/\"},\"author\":{\"name\":\"PeakIT\",\"@id\":\"https:\/\/www.kyrioschms.com\/#\/schema\/person\/5d6d2df441ac69db90fa2441b8751107\"},\"headline\":\"O Papa Francisco e a tecnologia nas JMJ e na mensagem para o Dia Mundial das Comunica\u00e7\u00f5es Sociais\",\"datePublished\":\"2019-02-13T10:02:19+00:00\",\"dateModified\":\"2019-02-13T23:50:06+00:00\",\"mainEntityOfPage\":{\"@id\":\"https:\/\/www.kyrioschms.com\/pt\/o-papa-francisco-e-a-tecnologia-nas-jmj-e-na-mensagem-para-o-dia-mundial-das-comunicacoes-sociais\/\"},\"wordCount\":837,\"publisher\":{\"@id\":\"https:\/\/www.kyrioschms.com\/#organization\"},\"image\":{\"@id\":\"https:\/\/www.kyrioschms.com\/pt\/o-papa-francisco-e-a-tecnologia-nas-jmj-e-na-mensagem-para-o-dia-mundial-das-comunicacoes-sociais\/#primaryimage\"},\"thumbnailUrl\":\"https:\/\/i0.wp.com\/www.kyrioschms.com\/wp-content\/uploads\/2019\/02\/papa_francisco.jpg?fit=1024%2C683&ssl=1\",\"articleSection\":[\"Artigos\",\"PT\"],\"inLanguage\":\"es\"},{\"@type\":\"WebPage\",\"@id\":\"https:\/\/www.kyrioschms.com\/pt\/o-papa-francisco-e-a-tecnologia-nas-jmj-e-na-mensagem-para-o-dia-mundial-das-comunicacoes-sociais\/\",\"url\":\"https:\/\/www.kyrioschms.com\/pt\/o-papa-francisco-e-a-tecnologia-nas-jmj-e-na-mensagem-para-o-dia-mundial-das-comunicacoes-sociais\/\",\"name\":\"O Papa Francisco e a tecnologia nas JMJ e na mensagem para o Dia Mundial das Comunica\u00e7\u00f5es Sociais &#8226; Kyrios ChMS - Software de Gest\u00e3o Cloud para a Igreja\",\"isPartOf\":{\"@id\":\"https:\/\/www.kyrioschms.com\/#website\"},\"primaryImageOfPage\":{\"@id\":\"https:\/\/www.kyrioschms.com\/pt\/o-papa-francisco-e-a-tecnologia-nas-jmj-e-na-mensagem-para-o-dia-mundial-das-comunicacoes-sociais\/#primaryimage\"},\"image\":{\"@id\":\"https:\/\/www.kyrioschms.com\/pt\/o-papa-francisco-e-a-tecnologia-nas-jmj-e-na-mensagem-para-o-dia-mundial-das-comunicacoes-sociais\/#primaryimage\"},\"thumbnailUrl\":\"https:\/\/i0.wp.com\/www.kyrioschms.com\/wp-content\/uploads\/2019\/02\/papa_francisco.jpg?fit=1024%2C683&ssl=1\",\"datePublished\":\"2019-02-13T10:02:19+00:00\",\"dateModified\":\"2019-02-13T23:50:06+00:00\",\"breadcrumb\":{\"@id\":\"https:\/\/www.kyrioschms.com\/pt\/o-papa-francisco-e-a-tecnologia-nas-jmj-e-na-mensagem-para-o-dia-mundial-das-comunicacoes-sociais\/#breadcrumb\"},\"inLanguage\":\"es\",\"potentialAction\":[{\"@type\":\"ReadAction\",\"target\":[\"https:\/\/www.kyrioschms.com\/pt\/o-papa-francisco-e-a-tecnologia-nas-jmj-e-na-mensagem-para-o-dia-mundial-das-comunicacoes-sociais\/\"]}]},{\"@type\":\"ImageObject\",\"inLanguage\":\"es\",\"@id\":\"https:\/\/www.kyrioschms.com\/pt\/o-papa-francisco-e-a-tecnologia-nas-jmj-e-na-mensagem-para-o-dia-mundial-das-comunicacoes-sociais\/#primaryimage\",\"url\":\"https:\/\/i0.wp.com\/www.kyrioschms.com\/wp-content\/uploads\/2019\/02\/papa_francisco.jpg?fit=1024%2C683&ssl=1\",\"contentUrl\":\"https:\/\/i0.wp.com\/www.kyrioschms.com\/wp-content\/uploads\/2019\/02\/papa_francisco.jpg?fit=1024%2C683&ssl=1\",\"width\":1024,\"height\":683},{\"@type\":\"BreadcrumbList\",\"@id\":\"https:\/\/www.kyrioschms.com\/pt\/o-papa-francisco-e-a-tecnologia-nas-jmj-e-na-mensagem-para-o-dia-mundial-das-comunicacoes-sociais\/#breadcrumb\",\"itemListElement\":[{\"@type\":\"ListItem\",\"position\":1,\"name\":\"Home\",\"item\":\"https:\/\/www.kyrioschms.com\/en\/\"},{\"@type\":\"ListItem\",\"position\":2,\"name\":\"O Papa Francisco e a tecnologia nas JMJ e na mensagem para o Dia Mundial das Comunica\u00e7\u00f5es Sociais\"}]},{\"@type\":\"WebSite\",\"@id\":\"https:\/\/www.kyrioschms.com\/#website\",\"url\":\"https:\/\/www.kyrioschms.com\/\",\"name\":\"Kyrios ChMS - Software de Gest\u00e3o Cloud para a Igreja\",\"description\":\"A solu\u00e7\u00e3o mais completa para a gest\u00e3o e comunica\u00e7\u00e3o da Igreja\",\"publisher\":{\"@id\":\"https:\/\/www.kyrioschms.com\/#organization\"},\"potentialAction\":[{\"@type\":\"SearchAction\",\"target\":{\"@type\":\"EntryPoint\",\"urlTemplate\":\"https:\/\/www.kyrioschms.com\/?s={search_term_string}\"},\"query-input\":{\"@type\":\"PropertyValueSpecification\",\"valueRequired\":true,\"valueName\":\"search_term_string\"}}],\"inLanguage\":\"es\"},{\"@type\":\"Organization\",\"@id\":\"https:\/\/www.kyrioschms.com\/#organization\",\"name\":\"Kyrios ChMS\",\"url\":\"https:\/\/www.kyrioschms.com\/\",\"logo\":{\"@type\":\"ImageObject\",\"inLanguage\":\"es\",\"@id\":\"https:\/\/www.kyrioschms.com\/#\/schema\/logo\/image\/\",\"url\":\"https:\/\/i1.wp.com\/www.kyrioschms.com\/wp-content\/uploads\/2018\/04\/kyrios_chms_logo_azulpkt_hd.png?fit=510%2C190&ssl=1\",\"contentUrl\":\"https:\/\/i1.wp.com\/www.kyrioschms.com\/wp-content\/uploads\/2018\/04\/kyrios_chms_logo_azulpkt_hd.png?fit=510%2C190&ssl=1\",\"width\":510,\"height\":190,\"caption\":\"Kyrios ChMS\"},\"image\":{\"@id\":\"https:\/\/www.kyrioschms.com\/#\/schema\/logo\/image\/\"},\"sameAs\":[\"https:\/\/www.facebook.com\/kyrioschms\/\",\"https:\/\/www.instagram.com\/kyrioschms\/\",\"https:\/\/www.linkedin.com\/showcase\/kyrios\/\",\"https:\/\/www.youtube.com\/channel\/UC1GRlmM_rtlhm1widYExwkg\"]},{\"@type\":\"Person\",\"@id\":\"https:\/\/www.kyrioschms.com\/#\/schema\/person\/5d6d2df441ac69db90fa2441b8751107\",\"name\":\"PeakIT\"}]}<\/script>\n<!-- \/ Yoast SEO plugin. -->","yoast_head_json":{"title":"O Papa Francisco e a tecnologia nas JMJ e na mensagem para o Dia Mundial das Comunica\u00e7\u00f5es Sociais &#8226; Kyrios ChMS - Software de Gest\u00e3o Cloud para a Igreja","robots":{"index":"index","follow":"follow","max-snippet":"max-snippet:-1","max-image-preview":"max-image-preview:large","max-video-preview":"max-video-preview:-1"},"canonical":"http:\/\/www.kyrioschms.com\/es\/el-papa-francisco-y-la-tecnologia-en-el-mundo-y-el-mensaje-para-el-dia-mundial-de-las-comunicaciones-sociales\/","og_locale":"es_ES","og_type":"article","og_title":"O Papa Francisco e a tecnologia nas JMJ e na mensagem para o Dia Mundial das Comunica\u00e7\u00f5es Sociais &#8226; Kyrios ChMS - Software de Gest\u00e3o Cloud para a Igreja","og_description":"\u00a0Subscreva a newsletter &nbsp; As Jornadas Mundiais da Juventude, que aconteceram no Panam\u00e1 em Janeiro, tecnologicamente foram marcadas pelo momento em que o Papa Francisco na pra\u00e7a de S. Pedro, no Vaticano, anunciou ter criado a sua conta de utilizador no Click To Pray. O Papa Francisco utiliza um tablet e diz \u201cA rede pode [&hellip;]","og_url":"http:\/\/www.kyrioschms.com\/es\/el-papa-francisco-y-la-tecnologia-en-el-mundo-y-el-mensaje-para-el-dia-mundial-de-las-comunicaciones-sociales\/","og_site_name":"Kyrios ChMS - Software de Gest\u00e3o Cloud para a Igreja","article_publisher":"https:\/\/www.facebook.com\/kyrioschms\/","article_published_time":"2019-02-13T10:02:19+00:00","article_modified_time":"2019-02-13T23:50:06+00:00","og_image":[{"width":1024,"height":683,"url":"https:\/\/i0.wp.com\/www.kyrioschms.com\/wp-content\/uploads\/2019\/02\/papa_francisco.jpg?fit=1024%2C683&ssl=1","type":"image\/jpeg"}],"author":"PeakIT","twitter_card":"summary_large_image","twitter_misc":{"Escrito por":"PeakIT","Tiempo de lectura":"4 minutos"},"schema":{"@context":"https:\/\/schema.org","@graph":[{"@type":"Article","@id":"https:\/\/www.kyrioschms.com\/pt\/o-papa-francisco-e-a-tecnologia-nas-jmj-e-na-mensagem-para-o-dia-mundial-das-comunicacoes-sociais\/#article","isPartOf":{"@id":"https:\/\/www.kyrioschms.com\/pt\/o-papa-francisco-e-a-tecnologia-nas-jmj-e-na-mensagem-para-o-dia-mundial-das-comunicacoes-sociais\/"},"author":{"name":"PeakIT","@id":"https:\/\/www.kyrioschms.com\/#\/schema\/person\/5d6d2df441ac69db90fa2441b8751107"},"headline":"O Papa Francisco e a tecnologia nas JMJ e na mensagem para o Dia Mundial das Comunica\u00e7\u00f5es Sociais","datePublished":"2019-02-13T10:02:19+00:00","dateModified":"2019-02-13T23:50:06+00:00","mainEntityOfPage":{"@id":"https:\/\/www.kyrioschms.com\/pt\/o-papa-francisco-e-a-tecnologia-nas-jmj-e-na-mensagem-para-o-dia-mundial-das-comunicacoes-sociais\/"},"wordCount":837,"publisher":{"@id":"https:\/\/www.kyrioschms.com\/#organization"},"image":{"@id":"https:\/\/www.kyrioschms.com\/pt\/o-papa-francisco-e-a-tecnologia-nas-jmj-e-na-mensagem-para-o-dia-mundial-das-comunicacoes-sociais\/#primaryimage"},"thumbnailUrl":"https:\/\/i0.wp.com\/www.kyrioschms.com\/wp-content\/uploads\/2019\/02\/papa_francisco.jpg?fit=1024%2C683&ssl=1","articleSection":["Artigos","PT"],"inLanguage":"es"},{"@type":"WebPage","@id":"https:\/\/www.kyrioschms.com\/pt\/o-papa-francisco-e-a-tecnologia-nas-jmj-e-na-mensagem-para-o-dia-mundial-das-comunicacoes-sociais\/","url":"https:\/\/www.kyrioschms.com\/pt\/o-papa-francisco-e-a-tecnologia-nas-jmj-e-na-mensagem-para-o-dia-mundial-das-comunicacoes-sociais\/","name":"O Papa Francisco e a tecnologia nas JMJ e na mensagem para o Dia Mundial das Comunica\u00e7\u00f5es Sociais &#8226; Kyrios ChMS - Software de Gest\u00e3o Cloud para a Igreja","isPartOf":{"@id":"https:\/\/www.kyrioschms.com\/#website"},"primaryImageOfPage":{"@id":"https:\/\/www.kyrioschms.com\/pt\/o-papa-francisco-e-a-tecnologia-nas-jmj-e-na-mensagem-para-o-dia-mundial-das-comunicacoes-sociais\/#primaryimage"},"image":{"@id":"https:\/\/www.kyrioschms.com\/pt\/o-papa-francisco-e-a-tecnologia-nas-jmj-e-na-mensagem-para-o-dia-mundial-das-comunicacoes-sociais\/#primaryimage"},"thumbnailUrl":"https:\/\/i0.wp.com\/www.kyrioschms.com\/wp-content\/uploads\/2019\/02\/papa_francisco.jpg?fit=1024%2C683&ssl=1","datePublished":"2019-02-13T10:02:19+00:00","dateModified":"2019-02-13T23:50:06+00:00","breadcrumb":{"@id":"https:\/\/www.kyrioschms.com\/pt\/o-papa-francisco-e-a-tecnologia-nas-jmj-e-na-mensagem-para-o-dia-mundial-das-comunicacoes-sociais\/#breadcrumb"},"inLanguage":"es","potentialAction":[{"@type":"ReadAction","target":["https:\/\/www.kyrioschms.com\/pt\/o-papa-francisco-e-a-tecnologia-nas-jmj-e-na-mensagem-para-o-dia-mundial-das-comunicacoes-sociais\/"]}]},{"@type":"ImageObject","inLanguage":"es","@id":"https:\/\/www.kyrioschms.com\/pt\/o-papa-francisco-e-a-tecnologia-nas-jmj-e-na-mensagem-para-o-dia-mundial-das-comunicacoes-sociais\/#primaryimage","url":"https:\/\/i0.wp.com\/www.kyrioschms.com\/wp-content\/uploads\/2019\/02\/papa_francisco.jpg?fit=1024%2C683&ssl=1","contentUrl":"https:\/\/i0.wp.com\/www.kyrioschms.com\/wp-content\/uploads\/2019\/02\/papa_francisco.jpg?fit=1024%2C683&ssl=1","width":1024,"height":683},{"@type":"BreadcrumbList","@id":"https:\/\/www.kyrioschms.com\/pt\/o-papa-francisco-e-a-tecnologia-nas-jmj-e-na-mensagem-para-o-dia-mundial-das-comunicacoes-sociais\/#breadcrumb","itemListElement":[{"@type":"ListItem","position":1,"name":"Home","item":"https:\/\/www.kyrioschms.com\/en\/"},{"@type":"ListItem","position":2,"name":"O Papa Francisco e a tecnologia nas JMJ e na mensagem para o Dia Mundial das Comunica\u00e7\u00f5es Sociais"}]},{"@type":"WebSite","@id":"https:\/\/www.kyrioschms.com\/#website","url":"https:\/\/www.kyrioschms.com\/","name":"Kyrios ChMS - Software de Gest\u00e3o Cloud para a Igreja","description":"A solu\u00e7\u00e3o mais completa para a gest\u00e3o e comunica\u00e7\u00e3o da Igreja","publisher":{"@id":"https:\/\/www.kyrioschms.com\/#organization"},"potentialAction":[{"@type":"SearchAction","target":{"@type":"EntryPoint","urlTemplate":"https:\/\/www.kyrioschms.com\/?s={search_term_string}"},"query-input":{"@type":"PropertyValueSpecification","valueRequired":true,"valueName":"search_term_string"}}],"inLanguage":"es"},{"@type":"Organization","@id":"https:\/\/www.kyrioschms.com\/#organization","name":"Kyrios ChMS","url":"https:\/\/www.kyrioschms.com\/","logo":{"@type":"ImageObject","inLanguage":"es","@id":"https:\/\/www.kyrioschms.com\/#\/schema\/logo\/image\/","url":"https:\/\/i1.wp.com\/www.kyrioschms.com\/wp-content\/uploads\/2018\/04\/kyrios_chms_logo_azulpkt_hd.png?fit=510%2C190&ssl=1","contentUrl":"https:\/\/i1.wp.com\/www.kyrioschms.com\/wp-content\/uploads\/2018\/04\/kyrios_chms_logo_azulpkt_hd.png?fit=510%2C190&ssl=1","width":510,"height":190,"caption":"Kyrios ChMS"},"image":{"@id":"https:\/\/www.kyrioschms.com\/#\/schema\/logo\/image\/"},"sameAs":["https:\/\/www.facebook.com\/kyrioschms\/","https:\/\/www.instagram.com\/kyrioschms\/","https:\/\/www.linkedin.com\/showcase\/kyrios\/","https:\/\/www.youtube.com\/channel\/UC1GRlmM_rtlhm1widYExwkg"]},{"@type":"Person","@id":"https:\/\/www.kyrioschms.com\/#\/schema\/person\/5d6d2df441ac69db90fa2441b8751107","name":"PeakIT"}]}},"jetpack_featured_media_url":"https:\/\/i0.wp.com\/www.kyrioschms.com\/wp-content\/uploads\/2019\/02\/papa_francisco.jpg?fit=1024%2C683&ssl=1","jetpack_sharing_enabled":true,"jetpack_shortlink":"https:\/\/wp.me\/p9TNmE-s9","_links":{"self":[{"href":"http:\/\/www.kyrioschms.com\/es\/wp-json\/wp\/v2\/posts\/1745","targetHints":{"allow":["GET"]}}],"collection":[{"href":"http:\/\/www.kyrioschms.com\/es\/wp-json\/wp\/v2\/posts"}],"about":[{"href":"http:\/\/www.kyrioschms.com\/es\/wp-json\/wp\/v2\/types\/post"}],"author":[{"embeddable":true,"href":"http:\/\/www.kyrioschms.com\/es\/wp-json\/wp\/v2\/users\/1"}],"replies":[{"embeddable":true,"href":"http:\/\/www.kyrioschms.com\/es\/wp-json\/wp\/v2\/comments?post=1745"}],"version-history":[{"count":0,"href":"http:\/\/www.kyrioschms.com\/es\/wp-json\/wp\/v2\/posts\/1745\/revisions"}],"wp:featuredmedia":[{"embeddable":true,"href":"http:\/\/www.kyrioschms.com\/es\/wp-json\/wp\/v2\/media\/1746"}],"wp:attachment":[{"href":"http:\/\/www.kyrioschms.com\/es\/wp-json\/wp\/v2\/media?parent=1745"}],"wp:term":[{"taxonomy":"category","embeddable":true,"href":"http:\/\/www.kyrioschms.com\/es\/wp-json\/wp\/v2\/categories?post=1745"},{"taxonomy":"post_tag","embeddable":true,"href":"http:\/\/www.kyrioschms.com\/es\/wp-json\/wp\/v2\/tags?post=1745"}],"curies":[{"name":"wp","href":"https:\/\/api.w.org\/{rel}","templated":true}]}}