{"id":1098,"date":"2018-09-14T23:28:06","date_gmt":"2018-09-14T23:28:06","guid":{"rendered":"http:\/\/www.kyrioschms.com\/?p=1098"},"modified":"2019-01-24T19:12:31","modified_gmt":"2019-01-24T19:12:31","slug":"aplicacao-movel-para-os-catequistas-ja-disponivel-kyrios-chms","status":"publish","type":"post","link":"http:\/\/www.kyrioschms.com\/es\/aplicacion-movil-para-catequistas-ya-disponible-kyrios-chms\/","title":{"rendered":"Aplicaci\u00f3n m\u00f3vil para catequistas ahora disponible - Kyrios ChMS"},"content":{"rendered":"<p><strong>\u00a1Hoy lanzamos la aplicaci\u00f3n Kyrios ChMS!<\/strong><\/p>\n<p>Con el <strong>Catecismo<\/strong> A partir de este fin de semana, queremos desearles a todos los catequistas un buen a\u00f1o y decir que la primera versi\u00f3n de la aplicaci\u00f3n m\u00f3vil Kyrios ChMS se hizo pensando en ustedes.<\/p>\n<p>La versi\u00f3n ya est\u00e1 disponible para <a href=\"https:\/\/play.google.com\/store\/apps\/details?id=com.kyrioschms\" target=\"_blank\" rel=\"noopener\">androide<\/a> y en unos d\u00edas tambi\u00e9n estar\u00e1 disponible la versi\u00f3n para dispositivos Apple.<\/p>\n<p>La App es un complemento fundamental para la versi\u00f3n de escritorio de Kyrios ChMS, ya que les permite trabajar con total movilidad.<\/p>\n<p>En la aplicaci\u00f3n puedes:<\/p>\n<ul>\n<li>Consulta los grupos de catequesis donde eres catequista;<\/li>\n<li>Consultar los principales datos del grupo, como indicaci\u00f3n del d\u00eda de la semana, hora, a\u00f1o y catequistas asociados;<\/li>\n<li>Consultar a todos los que reciben catequesis, teniendo disponibles sus contactos directos, historial en catequesis, as\u00ed como los contactos de los padres y tutores;<\/li>\n<li>Consultar todas las sesiones ya realizadas, res\u00famenes y asistencia;<\/li>\n<li><strong>Registrar nuevas sesiones, simplificando el registro de asistencia, observaciones y resumen<\/strong>.<\/li>\n<\/ul>\n<p><strong>Todos los catequistas pueden tener acceso a la aplicaci\u00f3n.<\/strong><\/p>\n<p>Si no dispone de datos de acceso, pregunte al p\u00e1rroco o env\u00ede un correo electr\u00f3nico a <a href=\"mailto:suporte@kyrioschms.com?subject=Solicitar%20acesso%20como%20catequista\" target=\"_blank\" rel=\"noopener\" data-cke-saved-href=\"mailto:suporte@kyrioschms.com?subject=Solicitar%20acesso%20como%20catequista\">support@kyrioschms.com<\/a> para que podamos ayudar a crear acceso.<\/p>\n<p>Aprovechamos para recordarles que est\u00e1 disponible el calendario de formaci\u00f3n de Catequistas para que puedan inscribirse en:\u00a0<a href=\"http:\/\/www.kyrioschms.com\/es\/2018\/08\/26\/formacao-pratica-catequese-kyrios-chms\/\" target=\"_blank\" rel=\"noopener\" data-cke-saved-href=\"http:\/\/www.kyrioschms.com\/pt\/2018\/08\/26\/formacao-pratica-catequese-kyrios-chms\/\">http:\/\/www.kyrioschms.com\/pt\/2018\/08\/26\/formacao-pratica-catequese-kyrios-chms\/<\/a><\/p>\n<p>&nbsp;<\/p>\n<p><a href=\"https:\/\/play.google.com\/store\/apps\/details?id=com.kyrioschms\"><img data-recalc-dims=\"1\" decoding=\"async\" class=\"alignnone wp-image-1100\" src=\"https:\/\/i0.wp.com\/www.kyrioschms.com\/wp-content\/uploads\/2018\/09\/logo_playstore-300x99.png?resize=176%2C58\" alt=\"\" width=\"176\" height=\"58\" \/><\/a><\/p>","protected":false},"excerpt":{"rendered":"<p>\u00a1Hoy lanzamos la aplicaci\u00f3n Kyrios ChMS! Con la catequesis a partir de este fin de semana, queremos desearles a todos los catequistas un buen a\u00f1o y decir que la primera versi\u00f3n de la aplicaci\u00f3n m\u00f3vil Kyrios ChMS se hizo pensando en ustedes. La versi\u00f3n de Android ya est\u00e1 disponible y dentro de unos d\u00edas [\u2026]<\/p>","protected":false},"author":1,"featured_media":1099,"comment_status":"closed","ping_status":"closed","sticky":false,"template":"","format":"standard","meta":{"inline_featured_image":false,"jetpack_post_was_ever_published":false,"_jetpack_newsletter_access":"","_jetpack_dont_email_post_to_subs":false,"_jetpack_newsletter_tier_id":0,"_jetpack_memberships_contains_paywalled_content":false,"_jetpack_memberships_contains_paid_content":false,"footnotes":"","jetpack_publicize_message":"","jetpack_publicize_feature_enabled":true,"jetpack_social_post_already_shared":true,"jetpack_social_options":{"image_generator_settings":{"template":"highway","enabled":false},"version":2}},"categories":[131,46],"tags":[],"class_list":["post-1098","post","type-post","status-publish","format-standard","has-post-thumbnail","hentry","category-pt","category-sem-categoria-pt"],"jetpack_publicize_connections":[],"yoast_head":"<!-- This site is optimized with the Yoast SEO plugin v24.8.1 - https:\/\/yoast.com\/wordpress\/plugins\/seo\/ -->\n<title>Aplica\u00e7\u00e3o M\u00f3vel para os Catequistas\u00a0j\u00e1 dispon\u00edvel - Kyrios ChMS &#8226; Kyrios ChMS - Software de Gest\u00e3o Cloud para a Igreja<\/title>\n<meta name=\"robots\" content=\"index, follow, max-snippet:-1, max-image-preview:large, max-video-preview:-1\" \/>\n<link rel=\"canonical\" href=\"http:\/\/www.kyrioschms.com\/es\/aplicacion-movil-para-catequistas-ya-disponible-kyrios-chms\/\" \/>\n<meta property=\"og:locale\" content=\"es_ES\" \/>\n<meta property=\"og:type\" content=\"article\" \/>\n<meta property=\"og:title\" content=\"Aplica\u00e7\u00e3o M\u00f3vel para os Catequistas\u00a0j\u00e1 dispon\u00edvel - Kyrios ChMS &#8226; Kyrios ChMS - Software de Gest\u00e3o Cloud para a Igreja\" \/>\n<meta property=\"og:description\" content=\"Hoje lan\u00e7amos a aplica\u00e7\u00e3o do Kyrios ChMS! Com a Catequese a iniciar este fim de semana, queremos desejar um bom ano a todos os catequistas e dizer que a primeira vers\u00e3o da aplica\u00e7\u00e3o m\u00f3vel do Kyrios ChMS, foi realizada a pensar em voc\u00eas. Est\u00e1 j\u00e1 dispon\u00edvel a vers\u00e3o para Android e dentro de poucos dias [&hellip;]\" \/>\n<meta property=\"og:url\" content=\"http:\/\/www.kyrioschms.com\/es\/aplicacion-movil-para-catequistas-ya-disponible-kyrios-chms\/\" \/>\n<meta property=\"og:site_name\" content=\"Kyrios ChMS - Software de Gest\u00e3o Cloud para a Igreja\" \/>\n<meta property=\"article:publisher\" content=\"https:\/\/www.facebook.com\/kyrioschms\/\" \/>\n<meta property=\"article:published_time\" content=\"2018-09-14T23:28:06+00:00\" \/>\n<meta property=\"article:modified_time\" content=\"2019-01-24T19:12:31+00:00\" \/>\n<meta property=\"og:image\" content=\"https:\/\/i0.wp.com\/www.kyrioschms.com\/wp-content\/uploads\/2018\/09\/kyrios_app_catequese_banner.jpg?fit=800%2C686&ssl=1\" \/>\n\t<meta property=\"og:image:width\" content=\"800\" \/>\n\t<meta property=\"og:image:height\" content=\"686\" \/>\n\t<meta property=\"og:image:type\" content=\"image\/jpeg\" \/>\n<meta name=\"author\" content=\"PeakIT\" \/>\n<meta name=\"twitter:card\" content=\"summary_large_image\" \/>\n<meta name=\"twitter:label1\" content=\"Escrito por\" \/>\n\t<meta name=\"twitter:data1\" content=\"PeakIT\" \/>\n\t<meta name=\"twitter:label2\" content=\"Tiempo de lectura\" \/>\n\t<meta name=\"twitter:data2\" content=\"1 minuto\" \/>\n<script type=\"application\/ld+json\" class=\"yoast-schema-graph\">{\"@context\":\"https:\/\/schema.org\",\"@graph\":[{\"@type\":\"Article\",\"@id\":\"https:\/\/www.kyrioschms.com\/pt\/aplicacao-movel-para-os-catequistas-ja-disponivel-kyrios-chms\/#article\",\"isPartOf\":{\"@id\":\"https:\/\/www.kyrioschms.com\/pt\/aplicacao-movel-para-os-catequistas-ja-disponivel-kyrios-chms\/\"},\"author\":{\"name\":\"PeakIT\",\"@id\":\"https:\/\/www.kyrioschms.com\/#\/schema\/person\/5d6d2df441ac69db90fa2441b8751107\"},\"headline\":\"Aplica\u00e7\u00e3o M\u00f3vel para os Catequistas\u00a0j\u00e1 dispon\u00edvel &#8211; Kyrios ChMS\",\"datePublished\":\"2018-09-14T23:28:06+00:00\",\"dateModified\":\"2019-01-24T19:12:31+00:00\",\"mainEntityOfPage\":{\"@id\":\"https:\/\/www.kyrioschms.com\/pt\/aplicacao-movel-para-os-catequistas-ja-disponivel-kyrios-chms\/\"},\"wordCount\":259,\"publisher\":{\"@id\":\"https:\/\/www.kyrioschms.com\/#organization\"},\"image\":{\"@id\":\"https:\/\/www.kyrioschms.com\/pt\/aplicacao-movel-para-os-catequistas-ja-disponivel-kyrios-chms\/#primaryimage\"},\"thumbnailUrl\":\"https:\/\/i0.wp.com\/www.kyrioschms.com\/wp-content\/uploads\/2018\/09\/kyrios_app_catequese_banner.jpg?fit=800%2C686&ssl=1\",\"articleSection\":[\"PT\",\"Sem categoria\"],\"inLanguage\":\"es\"},{\"@type\":\"WebPage\",\"@id\":\"https:\/\/www.kyrioschms.com\/pt\/aplicacao-movel-para-os-catequistas-ja-disponivel-kyrios-chms\/\",\"url\":\"https:\/\/www.kyrioschms.com\/pt\/aplicacao-movel-para-os-catequistas-ja-disponivel-kyrios-chms\/\",\"name\":\"Aplica\u00e7\u00e3o M\u00f3vel para os Catequistas\u00a0j\u00e1 dispon\u00edvel - Kyrios ChMS &#8226; Kyrios ChMS - Software de Gest\u00e3o Cloud para a Igreja\",\"isPartOf\":{\"@id\":\"https:\/\/www.kyrioschms.com\/#website\"},\"primaryImageOfPage\":{\"@id\":\"https:\/\/www.kyrioschms.com\/pt\/aplicacao-movel-para-os-catequistas-ja-disponivel-kyrios-chms\/#primaryimage\"},\"image\":{\"@id\":\"https:\/\/www.kyrioschms.com\/pt\/aplicacao-movel-para-os-catequistas-ja-disponivel-kyrios-chms\/#primaryimage\"},\"thumbnailUrl\":\"https:\/\/i0.wp.com\/www.kyrioschms.com\/wp-content\/uploads\/2018\/09\/kyrios_app_catequese_banner.jpg?fit=800%2C686&ssl=1\",\"datePublished\":\"2018-09-14T23:28:06+00:00\",\"dateModified\":\"2019-01-24T19:12:31+00:00\",\"breadcrumb\":{\"@id\":\"https:\/\/www.kyrioschms.com\/pt\/aplicacao-movel-para-os-catequistas-ja-disponivel-kyrios-chms\/#breadcrumb\"},\"inLanguage\":\"es\",\"potentialAction\":[{\"@type\":\"ReadAction\",\"target\":[\"https:\/\/www.kyrioschms.com\/pt\/aplicacao-movel-para-os-catequistas-ja-disponivel-kyrios-chms\/\"]}]},{\"@type\":\"ImageObject\",\"inLanguage\":\"es\",\"@id\":\"https:\/\/www.kyrioschms.com\/pt\/aplicacao-movel-para-os-catequistas-ja-disponivel-kyrios-chms\/#primaryimage\",\"url\":\"https:\/\/i0.wp.com\/www.kyrioschms.com\/wp-content\/uploads\/2018\/09\/kyrios_app_catequese_banner.jpg?fit=800%2C686&ssl=1\",\"contentUrl\":\"https:\/\/i0.wp.com\/www.kyrioschms.com\/wp-content\/uploads\/2018\/09\/kyrios_app_catequese_banner.jpg?fit=800%2C686&ssl=1\",\"width\":800,\"height\":686},{\"@type\":\"BreadcrumbList\",\"@id\":\"https:\/\/www.kyrioschms.com\/pt\/aplicacao-movel-para-os-catequistas-ja-disponivel-kyrios-chms\/#breadcrumb\",\"itemListElement\":[{\"@type\":\"ListItem\",\"position\":1,\"name\":\"Home\",\"item\":\"https:\/\/www.kyrioschms.com\/en\/\"},{\"@type\":\"ListItem\",\"position\":2,\"name\":\"Aplica\u00e7\u00e3o M\u00f3vel para os Catequistas\u00a0j\u00e1 dispon\u00edvel &#8211; Kyrios ChMS\"}]},{\"@type\":\"WebSite\",\"@id\":\"https:\/\/www.kyrioschms.com\/#website\",\"url\":\"https:\/\/www.kyrioschms.com\/\",\"name\":\"Kyrios ChMS - Software de Gest\u00e3o Cloud para a Igreja\",\"description\":\"A solu\u00e7\u00e3o mais completa para a gest\u00e3o e comunica\u00e7\u00e3o da Igreja\",\"publisher\":{\"@id\":\"https:\/\/www.kyrioschms.com\/#organization\"},\"potentialAction\":[{\"@type\":\"SearchAction\",\"target\":{\"@type\":\"EntryPoint\",\"urlTemplate\":\"https:\/\/www.kyrioschms.com\/?s={search_term_string}\"},\"query-input\":{\"@type\":\"PropertyValueSpecification\",\"valueRequired\":true,\"valueName\":\"search_term_string\"}}],\"inLanguage\":\"es\"},{\"@type\":\"Organization\",\"@id\":\"https:\/\/www.kyrioschms.com\/#organization\",\"name\":\"Kyrios ChMS\",\"url\":\"https:\/\/www.kyrioschms.com\/\",\"logo\":{\"@type\":\"ImageObject\",\"inLanguage\":\"es\",\"@id\":\"https:\/\/www.kyrioschms.com\/#\/schema\/logo\/image\/\",\"url\":\"https:\/\/i1.wp.com\/www.kyrioschms.com\/wp-content\/uploads\/2018\/04\/kyrios_chms_logo_azulpkt_hd.png?fit=510%2C190&ssl=1\",\"contentUrl\":\"https:\/\/i1.wp.com\/www.kyrioschms.com\/wp-content\/uploads\/2018\/04\/kyrios_chms_logo_azulpkt_hd.png?fit=510%2C190&ssl=1\",\"width\":510,\"height\":190,\"caption\":\"Kyrios ChMS\"},\"image\":{\"@id\":\"https:\/\/www.kyrioschms.com\/#\/schema\/logo\/image\/\"},\"sameAs\":[\"https:\/\/www.facebook.com\/kyrioschms\/\",\"https:\/\/www.instagram.com\/kyrioschms\/\",\"https:\/\/www.linkedin.com\/showcase\/kyrios\/\",\"https:\/\/www.youtube.com\/channel\/UC1GRlmM_rtlhm1widYExwkg\"]},{\"@type\":\"Person\",\"@id\":\"https:\/\/www.kyrioschms.com\/#\/schema\/person\/5d6d2df441ac69db90fa2441b8751107\",\"name\":\"PeakIT\"}]}<\/script>\n<!-- \/ Yoast SEO plugin. -->","yoast_head_json":{"title":"Aplica\u00e7\u00e3o M\u00f3vel para os Catequistas\u00a0j\u00e1 dispon\u00edvel - Kyrios ChMS &#8226; Kyrios ChMS - Software de Gest\u00e3o Cloud para a Igreja","robots":{"index":"index","follow":"follow","max-snippet":"max-snippet:-1","max-image-preview":"max-image-preview:large","max-video-preview":"max-video-preview:-1"},"canonical":"http:\/\/www.kyrioschms.com\/es\/aplicacion-movil-para-catequistas-ya-disponible-kyrios-chms\/","og_locale":"es_ES","og_type":"article","og_title":"Aplica\u00e7\u00e3o M\u00f3vel para os Catequistas\u00a0j\u00e1 dispon\u00edvel - Kyrios ChMS &#8226; Kyrios ChMS - Software de Gest\u00e3o Cloud para a Igreja","og_description":"Hoje lan\u00e7amos a aplica\u00e7\u00e3o do Kyrios ChMS! Com a Catequese a iniciar este fim de semana, queremos desejar um bom ano a todos os catequistas e dizer que a primeira vers\u00e3o da aplica\u00e7\u00e3o m\u00f3vel do Kyrios ChMS, foi realizada a pensar em voc\u00eas. Est\u00e1 j\u00e1 dispon\u00edvel a vers\u00e3o para Android e dentro de poucos dias [&hellip;]","og_url":"http:\/\/www.kyrioschms.com\/es\/aplicacion-movil-para-catequistas-ya-disponible-kyrios-chms\/","og_site_name":"Kyrios ChMS - Software de Gest\u00e3o Cloud para a Igreja","article_publisher":"https:\/\/www.facebook.com\/kyrioschms\/","article_published_time":"2018-09-14T23:28:06+00:00","article_modified_time":"2019-01-24T19:12:31+00:00","og_image":[{"width":800,"height":686,"url":"https:\/\/i0.wp.com\/www.kyrioschms.com\/wp-content\/uploads\/2018\/09\/kyrios_app_catequese_banner.jpg?fit=800%2C686&ssl=1","type":"image\/jpeg"}],"author":"PeakIT","twitter_card":"summary_large_image","twitter_misc":{"Escrito por":"PeakIT","Tiempo de lectura":"1 minuto"},"schema":{"@context":"https:\/\/schema.org","@graph":[{"@type":"Article","@id":"https:\/\/www.kyrioschms.com\/pt\/aplicacao-movel-para-os-catequistas-ja-disponivel-kyrios-chms\/#article","isPartOf":{"@id":"https:\/\/www.kyrioschms.com\/pt\/aplicacao-movel-para-os-catequistas-ja-disponivel-kyrios-chms\/"},"author":{"name":"PeakIT","@id":"https:\/\/www.kyrioschms.com\/#\/schema\/person\/5d6d2df441ac69db90fa2441b8751107"},"headline":"Aplica\u00e7\u00e3o M\u00f3vel para os Catequistas\u00a0j\u00e1 dispon\u00edvel &#8211; Kyrios ChMS","datePublished":"2018-09-14T23:28:06+00:00","dateModified":"2019-01-24T19:12:31+00:00","mainEntityOfPage":{"@id":"https:\/\/www.kyrioschms.com\/pt\/aplicacao-movel-para-os-catequistas-ja-disponivel-kyrios-chms\/"},"wordCount":259,"publisher":{"@id":"https:\/\/www.kyrioschms.com\/#organization"},"image":{"@id":"https:\/\/www.kyrioschms.com\/pt\/aplicacao-movel-para-os-catequistas-ja-disponivel-kyrios-chms\/#primaryimage"},"thumbnailUrl":"https:\/\/i0.wp.com\/www.kyrioschms.com\/wp-content\/uploads\/2018\/09\/kyrios_app_catequese_banner.jpg?fit=800%2C686&ssl=1","articleSection":["PT","Sem categoria"],"inLanguage":"es"},{"@type":"WebPage","@id":"https:\/\/www.kyrioschms.com\/pt\/aplicacao-movel-para-os-catequistas-ja-disponivel-kyrios-chms\/","url":"https:\/\/www.kyrioschms.com\/pt\/aplicacao-movel-para-os-catequistas-ja-disponivel-kyrios-chms\/","name":"Aplica\u00e7\u00e3o M\u00f3vel para os Catequistas\u00a0j\u00e1 dispon\u00edvel - Kyrios ChMS &#8226; Kyrios ChMS - Software de Gest\u00e3o Cloud para a Igreja","isPartOf":{"@id":"https:\/\/www.kyrioschms.com\/#website"},"primaryImageOfPage":{"@id":"https:\/\/www.kyrioschms.com\/pt\/aplicacao-movel-para-os-catequistas-ja-disponivel-kyrios-chms\/#primaryimage"},"image":{"@id":"https:\/\/www.kyrioschms.com\/pt\/aplicacao-movel-para-os-catequistas-ja-disponivel-kyrios-chms\/#primaryimage"},"thumbnailUrl":"https:\/\/i0.wp.com\/www.kyrioschms.com\/wp-content\/uploads\/2018\/09\/kyrios_app_catequese_banner.jpg?fit=800%2C686&ssl=1","datePublished":"2018-09-14T23:28:06+00:00","dateModified":"2019-01-24T19:12:31+00:00","breadcrumb":{"@id":"https:\/\/www.kyrioschms.com\/pt\/aplicacao-movel-para-os-catequistas-ja-disponivel-kyrios-chms\/#breadcrumb"},"inLanguage":"es","potentialAction":[{"@type":"ReadAction","target":["https:\/\/www.kyrioschms.com\/pt\/aplicacao-movel-para-os-catequistas-ja-disponivel-kyrios-chms\/"]}]},{"@type":"ImageObject","inLanguage":"es","@id":"https:\/\/www.kyrioschms.com\/pt\/aplicacao-movel-para-os-catequistas-ja-disponivel-kyrios-chms\/#primaryimage","url":"https:\/\/i0.wp.com\/www.kyrioschms.com\/wp-content\/uploads\/2018\/09\/kyrios_app_catequese_banner.jpg?fit=800%2C686&ssl=1","contentUrl":"https:\/\/i0.wp.com\/www.kyrioschms.com\/wp-content\/uploads\/2018\/09\/kyrios_app_catequese_banner.jpg?fit=800%2C686&ssl=1","width":800,"height":686},{"@type":"BreadcrumbList","@id":"https:\/\/www.kyrioschms.com\/pt\/aplicacao-movel-para-os-catequistas-ja-disponivel-kyrios-chms\/#breadcrumb","itemListElement":[{"@type":"ListItem","position":1,"name":"Home","item":"https:\/\/www.kyrioschms.com\/en\/"},{"@type":"ListItem","position":2,"name":"Aplica\u00e7\u00e3o M\u00f3vel para os Catequistas\u00a0j\u00e1 dispon\u00edvel &#8211; Kyrios ChMS"}]},{"@type":"WebSite","@id":"https:\/\/www.kyrioschms.com\/#website","url":"https:\/\/www.kyrioschms.com\/","name":"Kyrios ChMS - Software de Gest\u00e3o Cloud para a Igreja","description":"A solu\u00e7\u00e3o mais completa para a gest\u00e3o e comunica\u00e7\u00e3o da Igreja","publisher":{"@id":"https:\/\/www.kyrioschms.com\/#organization"},"potentialAction":[{"@type":"SearchAction","target":{"@type":"EntryPoint","urlTemplate":"https:\/\/www.kyrioschms.com\/?s={search_term_string}"},"query-input":{"@type":"PropertyValueSpecification","valueRequired":true,"valueName":"search_term_string"}}],"inLanguage":"es"},{"@type":"Organization","@id":"https:\/\/www.kyrioschms.com\/#organization","name":"Kyrios ChMS","url":"https:\/\/www.kyrioschms.com\/","logo":{"@type":"ImageObject","inLanguage":"es","@id":"https:\/\/www.kyrioschms.com\/#\/schema\/logo\/image\/","url":"https:\/\/i1.wp.com\/www.kyrioschms.com\/wp-content\/uploads\/2018\/04\/kyrios_chms_logo_azulpkt_hd.png?fit=510%2C190&ssl=1","contentUrl":"https:\/\/i1.wp.com\/www.kyrioschms.com\/wp-content\/uploads\/2018\/04\/kyrios_chms_logo_azulpkt_hd.png?fit=510%2C190&ssl=1","width":510,"height":190,"caption":"Kyrios ChMS"},"image":{"@id":"https:\/\/www.kyrioschms.com\/#\/schema\/logo\/image\/"},"sameAs":["https:\/\/www.facebook.com\/kyrioschms\/","https:\/\/www.instagram.com\/kyrioschms\/","https:\/\/www.linkedin.com\/showcase\/kyrios\/","https:\/\/www.youtube.com\/channel\/UC1GRlmM_rtlhm1widYExwkg"]},{"@type":"Person","@id":"https:\/\/www.kyrioschms.com\/#\/schema\/person\/5d6d2df441ac69db90fa2441b8751107","name":"PeakIT"}]}},"jetpack_featured_media_url":"https:\/\/i0.wp.com\/www.kyrioschms.com\/wp-content\/uploads\/2018\/09\/kyrios_app_catequese_banner.jpg?fit=800%2C686&ssl=1","jetpack_sharing_enabled":true,"jetpack_shortlink":"https:\/\/wp.me\/p9TNmE-hI","_links":{"self":[{"href":"http:\/\/www.kyrioschms.com\/es\/wp-json\/wp\/v2\/posts\/1098","targetHints":{"allow":["GET"]}}],"collection":[{"href":"http:\/\/www.kyrioschms.com\/es\/wp-json\/wp\/v2\/posts"}],"about":[{"href":"http:\/\/www.kyrioschms.com\/es\/wp-json\/wp\/v2\/types\/post"}],"author":[{"embeddable":true,"href":"http:\/\/www.kyrioschms.com\/es\/wp-json\/wp\/v2\/users\/1"}],"replies":[{"embeddable":true,"href":"http:\/\/www.kyrioschms.com\/es\/wp-json\/wp\/v2\/comments?post=1098"}],"version-history":[{"count":0,"href":"http:\/\/www.kyrioschms.com\/es\/wp-json\/wp\/v2\/posts\/1098\/revisions"}],"wp:featuredmedia":[{"embeddable":true,"href":"http:\/\/www.kyrioschms.com\/es\/wp-json\/wp\/v2\/media\/1099"}],"wp:attachment":[{"href":"http:\/\/www.kyrioschms.com\/es\/wp-json\/wp\/v2\/media?parent=1098"}],"wp:term":[{"taxonomy":"category","embeddable":true,"href":"http:\/\/www.kyrioschms.com\/es\/wp-json\/wp\/v2\/categories?post=1098"},{"taxonomy":"post_tag","embeddable":true,"href":"http:\/\/www.kyrioschms.com\/es\/wp-json\/wp\/v2\/tags?post=1098"}],"curies":[{"name":"wp","href":"https:\/\/api.w.org\/{rel}","templated":true}]}}