{"id":1745,"date":"2019-02-13T10:02:19","date_gmt":"2019-02-13T10:02:19","guid":{"rendered":"http:\/\/www.kyrioschms.com\/?p=1745"},"modified":"2019-02-13T23:50:06","modified_gmt":"2019-02-13T23:50:06","slug":"o-papa-francisco-e-a-tecnologia-nas-jmj-e-na-mensagem-para-o-dia-mundial-das-comunicacoes-sociais","status":"publish","type":"post","link":"http:\/\/www.kyrioschms.com\/en\/the-pope-francisco-and-the-technology-in-the-world-and-the-message-for-the-world-day-of-the-social-communications\/","title":{"rendered":"Pope Francis and technology at WYD and the message for World Communications Day"},"content":{"rendered":"<div class=\"elementor-element elementor-element-535c8bf elementor-widget elementor-widget-themo-call-to-action\" data-id=\"535c8bf\" data-element_type=\"themo-call-to-action.default\">\n<div class=\"elementor-widget-container\">\n<div class=\"th-cta\">\n<div class=\"th-cta-text\"><a class=\"btn-1 btn th-btn btn-standard-primary\" href=\"http:\/\/eepurl.com\/dIVng1\" target=\"_blank\" rel=\"noopener\"><img data-recalc-dims=\"1\" decoding=\"async\" class=\"alignnone wp-image-1365\" src=\"https:\/\/i0.wp.com\/www.kyrioschms.com\/wp-content\/uploads\/2018\/12\/newsletter-150x150.png?resize=50%2C50\" alt=\"\" width=\"50\" height=\"50\" srcset=\"\/\/i0.wp.com\/www.kyrioschms.com\/wp-content\/uploads\/2018\/12\/newsletter.png?resize=150%2C150&amp;ssl=1 150w, \/\/i0.wp.com\/www.kyrioschms.com\/wp-content\/uploads\/2018\/12\/newsletter.png?resize=300%2C300&amp;ssl=1 300w, \/\/i0.wp.com\/www.kyrioschms.com\/wp-content\/uploads\/2018\/12\/newsletter.png?resize=100%2C100&amp;ssl=1 100w, \/\/i0.wp.com\/www.kyrioschms.com\/wp-content\/uploads\/2018\/12\/newsletter.png?resize=600%2C600&amp;ssl=1 600w, \/\/i0.wp.com\/www.kyrioschms.com\/wp-content\/uploads\/2018\/12\/newsletter.png?resize=80%2C80&amp;ssl=1 80w, \/\/i0.wp.com\/www.kyrioschms.com\/wp-content\/uploads\/2018\/12\/newsletter.png?resize=394%2C394&amp;ssl=1 394w, \/\/i0.wp.com\/www.kyrioschms.com\/wp-content\/uploads\/2018\/12\/newsletter.png?resize=303%2C303&amp;ssl=1 303w, \/\/i0.wp.com\/www.kyrioschms.com\/wp-content\/uploads\/2018\/12\/newsletter.png?resize=605%2C605&amp;ssl=1 605w, \/\/i0.wp.com\/www.kyrioschms.com\/wp-content\/uploads\/2018\/12\/newsletter.png?resize=700%2C700&amp;ssl=1 700w, \/\/i0.wp.com\/www.kyrioschms.com\/wp-content\/uploads\/2018\/12\/newsletter.png?w=720&amp;ssl=1 720w\" sizes=\"(max-width: 50px) 100vw, 50px\" \/>\u00a0Subscribe to newsletter<\/a><\/div>\n<\/div>\n<\/div>\n<\/div>\n<p>&nbsp;<\/p>\n<p>The World Youth Days, which took place in Panama in January, were technologically marked by the moment when Pope Francis in St. Peter&#039;s Square, in the Vatican, announced that he created his user account on <a href=\"https:\/\/clicktopray.org\/\" target=\"_blank\" rel=\"noopener\">Click To Pray<\/a>.<\/p>\n<p><img data-recalc-dims=\"1\" fetchpriority=\"high\" decoding=\"async\" class=\"aligncenter wp-image-1748 size-large\" src=\"https:\/\/i0.wp.com\/www.kyrioschms.com\/wp-content\/uploads\/2019\/02\/writing-work-hand-screen-typing-read-670665-pxhere.com_-1024x683.jpg?resize=800%2C534\" alt=\"\" width=\"800\" height=\"534\" srcset=\"\/\/i0.wp.com\/www.kyrioschms.com\/wp-content\/uploads\/2019\/02\/writing-work-hand-screen-typing-read-670665-pxhere.com_-scaled.jpg?resize=1024%2C683&amp;ssl=1 1024w, \/\/i0.wp.com\/www.kyrioschms.com\/wp-content\/uploads\/2019\/02\/writing-work-hand-screen-typing-read-670665-pxhere.com_-scaled.jpg?resize=600%2C400&amp;ssl=1 600w, \/\/i0.wp.com\/www.kyrioschms.com\/wp-content\/uploads\/2019\/02\/writing-work-hand-screen-typing-read-670665-pxhere.com_-scaled.jpg?resize=300%2C200&amp;ssl=1 300w, \/\/i0.wp.com\/www.kyrioschms.com\/wp-content\/uploads\/2019\/02\/writing-work-hand-screen-typing-read-670665-pxhere.com_-scaled.jpg?resize=768%2C512&amp;ssl=1 768w, \/\/i0.wp.com\/www.kyrioschms.com\/wp-content\/uploads\/2019\/02\/writing-work-hand-screen-typing-read-670665-pxhere.com_-scaled.jpg?resize=56%2C37&amp;ssl=1 56w, \/\/i0.wp.com\/www.kyrioschms.com\/wp-content\/uploads\/2019\/02\/writing-work-hand-screen-typing-read-670665-pxhere.com_-scaled.jpg?resize=120%2C80&amp;ssl=1 120w, \/\/i0.wp.com\/www.kyrioschms.com\/wp-content\/uploads\/2019\/02\/writing-work-hand-screen-typing-read-670665-pxhere.com_-scaled.jpg?resize=394%2C263&amp;ssl=1 394w, \/\/i0.wp.com\/www.kyrioschms.com\/wp-content\/uploads\/2019\/02\/writing-work-hand-screen-typing-read-670665-pxhere.com_-scaled.jpg?resize=915%2C610&amp;ssl=1 915w, \/\/i0.wp.com\/www.kyrioschms.com\/wp-content\/uploads\/2019\/02\/writing-work-hand-screen-typing-read-670665-pxhere.com_-scaled.jpg?resize=1240%2C827&amp;ssl=1 1240w, \/\/i0.wp.com\/www.kyrioschms.com\/wp-content\/uploads\/2019\/02\/writing-work-hand-screen-typing-read-670665-pxhere.com_-scaled.jpg?resize=1620%2C1080&amp;ssl=1 1620w, \/\/i0.wp.com\/www.kyrioschms.com\/wp-content\/uploads\/2019\/02\/writing-work-hand-screen-typing-read-670665-pxhere.com_-scaled.jpg?w=2400&amp;ssl=1 2400w\" sizes=\"(max-width: 800px) 100vw, 800px\" \/><\/p>\n<p><strong>Pope Francis uses a tablet and says<\/strong><\/p>\n<blockquote><p>\u201cThe network can help us to pray together. Therefore, I would like to present the official application of the Pope&#039;s Worldwide Prayer Network: &#039;Click To Pray&#039; \u201d.<\/p><\/blockquote>\n<p>This was undoubtedly a historic moment, as it shows how important online presence is for the Church today.<\/p>\n<p>The Click To Pray App was undoubtedly a novelty that the Pope&#039;s Worldwide Prayer Network gave the Church and, being assumed by the Pope as a fundamental vehicle for Prayer today, clearly shows how technology is an integral part of all of us.<\/p>\n<p><img data-recalc-dims=\"1\" decoding=\"async\" class=\"aligncenter wp-image-1749 size-large\" src=\"https:\/\/i0.wp.com\/www.kyrioschms.com\/wp-content\/uploads\/2019\/02\/JMJ_2013-_789_dos_participantes_avaliam_a_seguranc%CC%A7a_pu%CC%81blica_como_sendo_o%CC%81timo_ou_bom_9418441180-1024x683.jpg?resize=800%2C534\" alt=\"\" width=\"800\" height=\"534\" srcset=\"\/\/i0.wp.com\/www.kyrioschms.com\/wp-content\/uploads\/2019\/02\/JMJ_2013-_789_dos_participantes_avaliam_a_seguranc%CC%A7a_pu%CC%81blica_como_sendo_o%CC%81timo_ou_bom_9418441180-scaled.jpg?resize=1024%2C683&amp;ssl=1 1024w, \/\/i0.wp.com\/www.kyrioschms.com\/wp-content\/uploads\/2019\/02\/JMJ_2013-_789_dos_participantes_avaliam_a_seguranc%CC%A7a_pu%CC%81blica_como_sendo_o%CC%81timo_ou_bom_9418441180-scaled.jpg?resize=600%2C400&amp;ssl=1 600w, \/\/i0.wp.com\/www.kyrioschms.com\/wp-content\/uploads\/2019\/02\/JMJ_2013-_789_dos_participantes_avaliam_a_seguranc%CC%A7a_pu%CC%81blica_como_sendo_o%CC%81timo_ou_bom_9418441180-scaled.jpg?resize=300%2C200&amp;ssl=1 300w, \/\/i0.wp.com\/www.kyrioschms.com\/wp-content\/uploads\/2019\/02\/JMJ_2013-_789_dos_participantes_avaliam_a_seguranc%CC%A7a_pu%CC%81blica_como_sendo_o%CC%81timo_ou_bom_9418441180-scaled.jpg?resize=768%2C512&amp;ssl=1 768w, \/\/i0.wp.com\/www.kyrioschms.com\/wp-content\/uploads\/2019\/02\/JMJ_2013-_789_dos_participantes_avaliam_a_seguranc%CC%A7a_pu%CC%81blica_como_sendo_o%CC%81timo_ou_bom_9418441180-scaled.jpg?resize=56%2C37&amp;ssl=1 56w, \/\/i0.wp.com\/www.kyrioschms.com\/wp-content\/uploads\/2019\/02\/JMJ_2013-_789_dos_participantes_avaliam_a_seguranc%CC%A7a_pu%CC%81blica_como_sendo_o%CC%81timo_ou_bom_9418441180-scaled.jpg?resize=120%2C80&amp;ssl=1 120w, \/\/i0.wp.com\/www.kyrioschms.com\/wp-content\/uploads\/2019\/02\/JMJ_2013-_789_dos_participantes_avaliam_a_seguranc%CC%A7a_pu%CC%81blica_como_sendo_o%CC%81timo_ou_bom_9418441180-scaled.jpg?resize=394%2C263&amp;ssl=1 394w, \/\/i0.wp.com\/www.kyrioschms.com\/wp-content\/uploads\/2019\/02\/JMJ_2013-_789_dos_participantes_avaliam_a_seguranc%CC%A7a_pu%CC%81blica_como_sendo_o%CC%81timo_ou_bom_9418441180-scaled.jpg?resize=915%2C610&amp;ssl=1 915w, \/\/i0.wp.com\/www.kyrioschms.com\/wp-content\/uploads\/2019\/02\/JMJ_2013-_789_dos_participantes_avaliam_a_seguranc%CC%A7a_pu%CC%81blica_como_sendo_o%CC%81timo_ou_bom_9418441180-scaled.jpg?resize=1240%2C827&amp;ssl=1 1240w, \/\/i0.wp.com\/www.kyrioschms.com\/wp-content\/uploads\/2019\/02\/JMJ_2013-_789_dos_participantes_avaliam_a_seguranc%CC%A7a_pu%CC%81blica_como_sendo_o%CC%81timo_ou_bom_9418441180-scaled.jpg?resize=1620%2C1080&amp;ssl=1 1620w, \/\/i0.wp.com\/www.kyrioschms.com\/wp-content\/uploads\/2019\/02\/JMJ_2013-_789_dos_participantes_avaliam_a_seguranc%CC%A7a_pu%CC%81blica_como_sendo_o%CC%81timo_ou_bom_9418441180-scaled.jpg?w=2400&amp;ssl=1 2400w\" sizes=\"(max-width: 800px) 100vw, 800px\" \/><\/p>\n<p>He took the opportunity and also remembered that he would soon publish the Message for the World Day of Social Communications, which happened on the 24th of January (<a href=\"http:\/\/w2.vatican.va\/content\/francesco\/pt\/messages\/communications\/documents\/papa-francesco_20190124_messaggio-comunicazioni-sociali.html\">read here<\/a>).<\/p>\n<p>From this text, we transcribe this excerpt in particular:<\/p>\n<p><strong>From \u00ablike\u00bb to \u00abamen\u00bb<\/strong><\/p>\n<blockquote><p>\u201cThe image of the body and the members reminds us that the use of the social web is complementary to the encounter in the flesh, experienced through the body, the heart, the eyes, the contemplation, the breathing of the other. If the net is used as an extension or expectation of such an encounter, then it does not betray itself and remains a resource for communion. If a family uses the network to be more connected, to later find themselves at the table and look each other in the eye, then it is a resource. If an ecclesial community coordinates its activity through the network, to later celebrate the Eucharist together, then it is a resource. If the network is an opportunity to get closer to cases and experiences of kindness or suffering physically distant from me, to pray together and, together, to seek the good in discovering what unites us, then it is a resource.<\/p>\n<p>Thus, we can move from diagnosis to therapy: opening the way for dialogue, meeting, smiling, caring ... This is the network we want: a network made, not to capture, but to liberate, to preserve a community of free people . The Church itself is a network woven by the Eucharistic Communion, where the union is not based on tastes [&quot;like&quot;], but in fact, on the &quot;amen&quot; with which each adheres to the Body of Christ, welcoming others. &quot;<\/p><\/blockquote>\n<p>Looking at these two great moments of communication, communion and community it is easy to see that the future always passes through people and going to meet them is a fundamental part of the Church.<\/p>\n<p><img data-recalc-dims=\"1\" loading=\"lazy\" decoding=\"async\" class=\"wp-image-1750 size-large\" src=\"https:\/\/i0.wp.com\/www.kyrioschms.com\/wp-content\/uploads\/2019\/02\/16752085669_b8eb2b316c_o-1024x683.jpg?resize=800%2C534\" alt=\"\" width=\"800\" height=\"534\" srcset=\"\/\/i0.wp.com\/www.kyrioschms.com\/wp-content\/uploads\/2019\/02\/16752085669_b8eb2b316c_o.jpg?resize=1024%2C683&amp;ssl=1 1024w, \/\/i0.wp.com\/www.kyrioschms.com\/wp-content\/uploads\/2019\/02\/16752085669_b8eb2b316c_o.jpg?resize=600%2C400&amp;ssl=1 600w, \/\/i0.wp.com\/www.kyrioschms.com\/wp-content\/uploads\/2019\/02\/16752085669_b8eb2b316c_o.jpg?resize=300%2C200&amp;ssl=1 300w, \/\/i0.wp.com\/www.kyrioschms.com\/wp-content\/uploads\/2019\/02\/16752085669_b8eb2b316c_o.jpg?resize=768%2C512&amp;ssl=1 768w, \/\/i0.wp.com\/www.kyrioschms.com\/wp-content\/uploads\/2019\/02\/16752085669_b8eb2b316c_o.jpg?resize=55%2C37&amp;ssl=1 55w, \/\/i0.wp.com\/www.kyrioschms.com\/wp-content\/uploads\/2019\/02\/16752085669_b8eb2b316c_o.jpg?resize=120%2C80&amp;ssl=1 120w, \/\/i0.wp.com\/www.kyrioschms.com\/wp-content\/uploads\/2019\/02\/16752085669_b8eb2b316c_o.jpg?resize=394%2C263&amp;ssl=1 394w, \/\/i0.wp.com\/www.kyrioschms.com\/wp-content\/uploads\/2019\/02\/16752085669_b8eb2b316c_o.jpg?resize=915%2C610&amp;ssl=1 915w, \/\/i0.wp.com\/www.kyrioschms.com\/wp-content\/uploads\/2019\/02\/16752085669_b8eb2b316c_o.jpg?resize=1240%2C827&amp;ssl=1 1240w, \/\/i0.wp.com\/www.kyrioschms.com\/wp-content\/uploads\/2019\/02\/16752085669_b8eb2b316c_o.jpg?resize=1619%2C1080&amp;ssl=1 1619w, \/\/i0.wp.com\/www.kyrioschms.com\/wp-content\/uploads\/2019\/02\/16752085669_b8eb2b316c_o.jpg?w=1964&amp;ssl=1 1964w\" sizes=\"(max-width: 800px) 100vw, 800px\" \/><\/p>\n<p><strong>Kyrios ChMS is based on management and communication for the Church<\/strong><\/p>\n<p>Since its birth, the main vectors of Kyrios ChMS have been to help the Church and all its stakeholders, from Parishes, Institutions, as well as any group of young people, to evolve and keep up with the new times, new trends and all this evolution that constantly changes the way of communicating and living in community.<\/p>\n<p>At Kyrios you will find the tools and team that can help you make this leap, so that you can improve your organization, with normal management such as treasury, families or processes, but also with the part of the communication with the Internet Pages, Newsletters and App , with links to social networks, becoming a centrally managed HUB of all the tools that are used by communities, enabling it to also be able to be present, monitor and evolve together.<\/p>\n<p><img data-recalc-dims=\"1\" loading=\"lazy\" decoding=\"async\" class=\"alignnone wp-image-874 size-large\" src=\"https:\/\/i0.wp.com\/www.kyrioschms.com\/wp-content\/uploads\/2018\/06\/slide_woman_kyrios-1024x400.jpg?resize=800%2C313\" alt=\"\" width=\"800\" height=\"313\" srcset=\"\/\/i0.wp.com\/www.kyrioschms.com\/wp-content\/uploads\/2018\/06\/slide_woman_kyrios.jpg?resize=1024%2C400&amp;ssl=1 1024w, \/\/i0.wp.com\/www.kyrioschms.com\/wp-content\/uploads\/2018\/06\/slide_woman_kyrios.jpg?resize=600%2C234&amp;ssl=1 600w, \/\/i0.wp.com\/www.kyrioschms.com\/wp-content\/uploads\/2018\/06\/slide_woman_kyrios.jpg?resize=300%2C117&amp;ssl=1 300w, \/\/i0.wp.com\/www.kyrioschms.com\/wp-content\/uploads\/2018\/06\/slide_woman_kyrios.jpg?resize=768%2C300&amp;ssl=1 768w, \/\/i0.wp.com\/www.kyrioschms.com\/wp-content\/uploads\/2018\/06\/slide_woman_kyrios.jpg?resize=256%2C100&amp;ssl=1 256w, \/\/i0.wp.com\/www.kyrioschms.com\/wp-content\/uploads\/2018\/06\/slide_woman_kyrios.jpg?resize=205%2C80&amp;ssl=1 205w, \/\/i0.wp.com\/www.kyrioschms.com\/wp-content\/uploads\/2018\/06\/slide_woman_kyrios.jpg?resize=394%2C154&amp;ssl=1 394w, \/\/i0.wp.com\/www.kyrioschms.com\/wp-content\/uploads\/2018\/06\/slide_woman_kyrios.jpg?resize=915%2C357&amp;ssl=1 915w, \/\/i0.wp.com\/www.kyrioschms.com\/wp-content\/uploads\/2018\/06\/slide_woman_kyrios.jpg?resize=1240%2C484&amp;ssl=1 1240w, \/\/i0.wp.com\/www.kyrioschms.com\/wp-content\/uploads\/2018\/06\/slide_woman_kyrios.jpg?w=1920&amp;ssl=1 1920w, \/\/i0.wp.com\/www.kyrioschms.com\/wp-content\/uploads\/2018\/06\/slide_woman_kyrios.jpg?w=1600&amp;ssl=1 1600w\" sizes=\"(max-width: 800px) 100vw, 800px\" \/><\/p>\n<p><strong>With Kyrios ChMS, you can:<\/strong><\/p>\n<ul>\n<li>Perform the <a href=\"http:\/\/www.kyrioschms.com\/en\/chms-features\/\">daily management of any Parish or group<\/a> (Management of entities, Families, Treasury, Accounting, Catechesis, Processes,\u2026);<\/li>\n<li>Have your <a href=\"http:\/\/www.kyrioschms.com\/en\/web-site\/\">Internet page<\/a>, uncomplicated, simple, functional and connected to social networks;<\/li>\n<li>Have your <a href=\"http:\/\/www.kyrioschms.com\/en\/web-site\/\">smartphone application<\/a> so that your community can more easily access news, events, content and catechesis management;<\/li>\n<\/ul>\n<p>Count on us, we work every day to make Kyrios ChMS the best solution to help the Church in its mission.<\/p>\n<p>&nbsp;<\/p>\n<p><em>Contact us and we will help you!<\/em><\/p>\n<p>At Kyrios ChMS you will find the right tools for your day-to-day activities, such as features for communicating with your community and work groups.<\/p>\n<p>You can count on our offer of <a href=\"http:\/\/www.kyrioschms.com\/en\/web-site\/\">Website + Mobile Application + Professional emails + Newsletters<\/a> <strong>free for 30 days<\/strong> and, if you wish to join, the value of joining will be very low, so that everyone can benefit from these essential communication tools for the Church today.<\/p>","protected":false},"excerpt":{"rendered":"<p>\u00a0Subscribe to the newsletter The World Youth Days, which took place in Panama in January, were technologically marked by the moment when Pope Francis in St. Peter&#039;s Square, in the Vatican, announced that he created his user account at Click To Pray. Pope Francis uses a tablet and says \u201cThe network can [\u2026]<\/p>","protected":false},"author":1,"featured_media":1746,"comment_status":"closed","ping_status":"closed","sticky":false,"template":"","format":"standard","meta":{"inline_featured_image":false,"jetpack_post_was_ever_published":false,"_jetpack_newsletter_access":"","_jetpack_dont_email_post_to_subs":false,"_jetpack_newsletter_tier_id":0,"_jetpack_memberships_contains_paywalled_content":false,"_jetpack_memberships_contains_paid_content":false,"footnotes":"","jetpack_publicize_message":"","jetpack_publicize_feature_enabled":true,"jetpack_social_post_already_shared":true,"jetpack_social_options":{"image_generator_settings":{"template":"highway","enabled":false},"version":2}},"categories":[129,131],"tags":[],"class_list":["post-1745","post","type-post","status-publish","format-standard","has-post-thumbnail","hentry","category-artigos","category-pt"],"jetpack_publicize_connections":[],"yoast_head":"<!-- This site is optimized with the Yoast SEO plugin v24.8.1 - https:\/\/yoast.com\/wordpress\/plugins\/seo\/ -->\n<title>O Papa Francisco e a tecnologia nas JMJ e na mensagem para o Dia Mundial das Comunica\u00e7\u00f5es Sociais &#8226; Kyrios ChMS - Software de Gest\u00e3o Cloud para a Igreja<\/title>\n<meta name=\"robots\" content=\"index, follow, max-snippet:-1, max-image-preview:large, max-video-preview:-1\" \/>\n<link rel=\"canonical\" href=\"http:\/\/www.kyrioschms.com\/en\/the-pope-francisco-and-the-technology-in-the-world-and-the-message-for-the-world-day-of-the-social-communications\/\" \/>\n<meta property=\"og:locale\" content=\"en_US\" \/>\n<meta property=\"og:type\" content=\"article\" \/>\n<meta property=\"og:title\" content=\"O Papa Francisco e a tecnologia nas JMJ e na mensagem para o Dia Mundial das Comunica\u00e7\u00f5es Sociais &#8226; Kyrios ChMS - Software de Gest\u00e3o Cloud para a Igreja\" \/>\n<meta property=\"og:description\" content=\"\u00a0Subscreva a newsletter &nbsp; As Jornadas Mundiais da Juventude, que aconteceram no Panam\u00e1 em Janeiro, tecnologicamente foram marcadas pelo momento em que o Papa Francisco na pra\u00e7a de S. Pedro, no Vaticano, anunciou ter criado a sua conta de utilizador no Click To Pray. O Papa Francisco utiliza um tablet e diz \u201cA rede pode [&hellip;]\" \/>\n<meta property=\"og:url\" content=\"http:\/\/www.kyrioschms.com\/en\/the-pope-francisco-and-the-technology-in-the-world-and-the-message-for-the-world-day-of-the-social-communications\/\" \/>\n<meta property=\"og:site_name\" content=\"Kyrios ChMS - Software de Gest\u00e3o Cloud para a Igreja\" \/>\n<meta property=\"article:publisher\" content=\"https:\/\/www.facebook.com\/kyrioschms\/\" \/>\n<meta property=\"article:published_time\" content=\"2019-02-13T10:02:19+00:00\" \/>\n<meta property=\"article:modified_time\" content=\"2019-02-13T23:50:06+00:00\" \/>\n<meta property=\"og:image\" content=\"https:\/\/i0.wp.com\/www.kyrioschms.com\/wp-content\/uploads\/2019\/02\/papa_francisco.jpg?fit=1024%2C683&ssl=1\" \/>\n\t<meta property=\"og:image:width\" content=\"1024\" \/>\n\t<meta property=\"og:image:height\" content=\"683\" \/>\n\t<meta property=\"og:image:type\" content=\"image\/jpeg\" \/>\n<meta name=\"author\" content=\"PeakIT\" \/>\n<meta name=\"twitter:card\" content=\"summary_large_image\" \/>\n<meta name=\"twitter:label1\" content=\"Written by\" \/>\n\t<meta name=\"twitter:data1\" content=\"PeakIT\" \/>\n\t<meta name=\"twitter:label2\" content=\"Est. reading time\" \/>\n\t<meta name=\"twitter:data2\" content=\"4 minutes\" \/>\n<script type=\"application\/ld+json\" class=\"yoast-schema-graph\">{\"@context\":\"https:\/\/schema.org\",\"@graph\":[{\"@type\":\"Article\",\"@id\":\"https:\/\/www.kyrioschms.com\/pt\/o-papa-francisco-e-a-tecnologia-nas-jmj-e-na-mensagem-para-o-dia-mundial-das-comunicacoes-sociais\/#article\",\"isPartOf\":{\"@id\":\"https:\/\/www.kyrioschms.com\/pt\/o-papa-francisco-e-a-tecnologia-nas-jmj-e-na-mensagem-para-o-dia-mundial-das-comunicacoes-sociais\/\"},\"author\":{\"name\":\"PeakIT\",\"@id\":\"https:\/\/www.kyrioschms.com\/#\/schema\/person\/5d6d2df441ac69db90fa2441b8751107\"},\"headline\":\"O Papa Francisco e a tecnologia nas JMJ e na mensagem para o Dia Mundial das Comunica\u00e7\u00f5es Sociais\",\"datePublished\":\"2019-02-13T10:02:19+00:00\",\"dateModified\":\"2019-02-13T23:50:06+00:00\",\"mainEntityOfPage\":{\"@id\":\"https:\/\/www.kyrioschms.com\/pt\/o-papa-francisco-e-a-tecnologia-nas-jmj-e-na-mensagem-para-o-dia-mundial-das-comunicacoes-sociais\/\"},\"wordCount\":837,\"publisher\":{\"@id\":\"https:\/\/www.kyrioschms.com\/#organization\"},\"image\":{\"@id\":\"https:\/\/www.kyrioschms.com\/pt\/o-papa-francisco-e-a-tecnologia-nas-jmj-e-na-mensagem-para-o-dia-mundial-das-comunicacoes-sociais\/#primaryimage\"},\"thumbnailUrl\":\"https:\/\/i0.wp.com\/www.kyrioschms.com\/wp-content\/uploads\/2019\/02\/papa_francisco.jpg?fit=1024%2C683&ssl=1\",\"articleSection\":[\"Artigos\",\"PT\"],\"inLanguage\":\"en-US\"},{\"@type\":\"WebPage\",\"@id\":\"https:\/\/www.kyrioschms.com\/pt\/o-papa-francisco-e-a-tecnologia-nas-jmj-e-na-mensagem-para-o-dia-mundial-das-comunicacoes-sociais\/\",\"url\":\"https:\/\/www.kyrioschms.com\/pt\/o-papa-francisco-e-a-tecnologia-nas-jmj-e-na-mensagem-para-o-dia-mundial-das-comunicacoes-sociais\/\",\"name\":\"O Papa Francisco e a tecnologia nas JMJ e na mensagem para o Dia Mundial das Comunica\u00e7\u00f5es Sociais &#8226; Kyrios ChMS - Software de Gest\u00e3o Cloud para a Igreja\",\"isPartOf\":{\"@id\":\"https:\/\/www.kyrioschms.com\/#website\"},\"primaryImageOfPage\":{\"@id\":\"https:\/\/www.kyrioschms.com\/pt\/o-papa-francisco-e-a-tecnologia-nas-jmj-e-na-mensagem-para-o-dia-mundial-das-comunicacoes-sociais\/#primaryimage\"},\"image\":{\"@id\":\"https:\/\/www.kyrioschms.com\/pt\/o-papa-francisco-e-a-tecnologia-nas-jmj-e-na-mensagem-para-o-dia-mundial-das-comunicacoes-sociais\/#primaryimage\"},\"thumbnailUrl\":\"https:\/\/i0.wp.com\/www.kyrioschms.com\/wp-content\/uploads\/2019\/02\/papa_francisco.jpg?fit=1024%2C683&ssl=1\",\"datePublished\":\"2019-02-13T10:02:19+00:00\",\"dateModified\":\"2019-02-13T23:50:06+00:00\",\"breadcrumb\":{\"@id\":\"https:\/\/www.kyrioschms.com\/pt\/o-papa-francisco-e-a-tecnologia-nas-jmj-e-na-mensagem-para-o-dia-mundial-das-comunicacoes-sociais\/#breadcrumb\"},\"inLanguage\":\"en-US\",\"potentialAction\":[{\"@type\":\"ReadAction\",\"target\":[\"https:\/\/www.kyrioschms.com\/pt\/o-papa-francisco-e-a-tecnologia-nas-jmj-e-na-mensagem-para-o-dia-mundial-das-comunicacoes-sociais\/\"]}]},{\"@type\":\"ImageObject\",\"inLanguage\":\"en-US\",\"@id\":\"https:\/\/www.kyrioschms.com\/pt\/o-papa-francisco-e-a-tecnologia-nas-jmj-e-na-mensagem-para-o-dia-mundial-das-comunicacoes-sociais\/#primaryimage\",\"url\":\"https:\/\/i0.wp.com\/www.kyrioschms.com\/wp-content\/uploads\/2019\/02\/papa_francisco.jpg?fit=1024%2C683&ssl=1\",\"contentUrl\":\"https:\/\/i0.wp.com\/www.kyrioschms.com\/wp-content\/uploads\/2019\/02\/papa_francisco.jpg?fit=1024%2C683&ssl=1\",\"width\":1024,\"height\":683},{\"@type\":\"BreadcrumbList\",\"@id\":\"https:\/\/www.kyrioschms.com\/pt\/o-papa-francisco-e-a-tecnologia-nas-jmj-e-na-mensagem-para-o-dia-mundial-das-comunicacoes-sociais\/#breadcrumb\",\"itemListElement\":[{\"@type\":\"ListItem\",\"position\":1,\"name\":\"Home\",\"item\":\"https:\/\/www.kyrioschms.com\/en\/\"},{\"@type\":\"ListItem\",\"position\":2,\"name\":\"O Papa Francisco e a tecnologia nas JMJ e na mensagem para o Dia Mundial das Comunica\u00e7\u00f5es Sociais\"}]},{\"@type\":\"WebSite\",\"@id\":\"https:\/\/www.kyrioschms.com\/#website\",\"url\":\"https:\/\/www.kyrioschms.com\/\",\"name\":\"Kyrios ChMS - Software de Gest\u00e3o Cloud para a Igreja\",\"description\":\"A solu\u00e7\u00e3o mais completa para a gest\u00e3o e comunica\u00e7\u00e3o da Igreja\",\"publisher\":{\"@id\":\"https:\/\/www.kyrioschms.com\/#organization\"},\"potentialAction\":[{\"@type\":\"SearchAction\",\"target\":{\"@type\":\"EntryPoint\",\"urlTemplate\":\"https:\/\/www.kyrioschms.com\/?s={search_term_string}\"},\"query-input\":{\"@type\":\"PropertyValueSpecification\",\"valueRequired\":true,\"valueName\":\"search_term_string\"}}],\"inLanguage\":\"en-US\"},{\"@type\":\"Organization\",\"@id\":\"https:\/\/www.kyrioschms.com\/#organization\",\"name\":\"Kyrios ChMS\",\"url\":\"https:\/\/www.kyrioschms.com\/\",\"logo\":{\"@type\":\"ImageObject\",\"inLanguage\":\"en-US\",\"@id\":\"https:\/\/www.kyrioschms.com\/#\/schema\/logo\/image\/\",\"url\":\"https:\/\/i1.wp.com\/www.kyrioschms.com\/wp-content\/uploads\/2018\/04\/kyrios_chms_logo_azulpkt_hd.png?fit=510%2C190&ssl=1\",\"contentUrl\":\"https:\/\/i1.wp.com\/www.kyrioschms.com\/wp-content\/uploads\/2018\/04\/kyrios_chms_logo_azulpkt_hd.png?fit=510%2C190&ssl=1\",\"width\":510,\"height\":190,\"caption\":\"Kyrios ChMS\"},\"image\":{\"@id\":\"https:\/\/www.kyrioschms.com\/#\/schema\/logo\/image\/\"},\"sameAs\":[\"https:\/\/www.facebook.com\/kyrioschms\/\",\"https:\/\/www.instagram.com\/kyrioschms\/\",\"https:\/\/www.linkedin.com\/showcase\/kyrios\/\",\"https:\/\/www.youtube.com\/channel\/UC1GRlmM_rtlhm1widYExwkg\"]},{\"@type\":\"Person\",\"@id\":\"https:\/\/www.kyrioschms.com\/#\/schema\/person\/5d6d2df441ac69db90fa2441b8751107\",\"name\":\"PeakIT\"}]}<\/script>\n<!-- \/ Yoast SEO plugin. -->","yoast_head_json":{"title":"O Papa Francisco e a tecnologia nas JMJ e na mensagem para o Dia Mundial das Comunica\u00e7\u00f5es Sociais &#8226; Kyrios ChMS - Software de Gest\u00e3o Cloud para a Igreja","robots":{"index":"index","follow":"follow","max-snippet":"max-snippet:-1","max-image-preview":"max-image-preview:large","max-video-preview":"max-video-preview:-1"},"canonical":"http:\/\/www.kyrioschms.com\/en\/the-pope-francisco-and-the-technology-in-the-world-and-the-message-for-the-world-day-of-the-social-communications\/","og_locale":"en_US","og_type":"article","og_title":"O Papa Francisco e a tecnologia nas JMJ e na mensagem para o Dia Mundial das Comunica\u00e7\u00f5es Sociais &#8226; Kyrios ChMS - Software de Gest\u00e3o Cloud para a Igreja","og_description":"\u00a0Subscreva a newsletter &nbsp; As Jornadas Mundiais da Juventude, que aconteceram no Panam\u00e1 em Janeiro, tecnologicamente foram marcadas pelo momento em que o Papa Francisco na pra\u00e7a de S. Pedro, no Vaticano, anunciou ter criado a sua conta de utilizador no Click To Pray. O Papa Francisco utiliza um tablet e diz \u201cA rede pode [&hellip;]","og_url":"http:\/\/www.kyrioschms.com\/en\/the-pope-francisco-and-the-technology-in-the-world-and-the-message-for-the-world-day-of-the-social-communications\/","og_site_name":"Kyrios ChMS - Software de Gest\u00e3o Cloud para a Igreja","article_publisher":"https:\/\/www.facebook.com\/kyrioschms\/","article_published_time":"2019-02-13T10:02:19+00:00","article_modified_time":"2019-02-13T23:50:06+00:00","og_image":[{"width":1024,"height":683,"url":"https:\/\/i0.wp.com\/www.kyrioschms.com\/wp-content\/uploads\/2019\/02\/papa_francisco.jpg?fit=1024%2C683&ssl=1","type":"image\/jpeg"}],"author":"PeakIT","twitter_card":"summary_large_image","twitter_misc":{"Written by":"PeakIT","Est. reading time":"4 minutes"},"schema":{"@context":"https:\/\/schema.org","@graph":[{"@type":"Article","@id":"https:\/\/www.kyrioschms.com\/pt\/o-papa-francisco-e-a-tecnologia-nas-jmj-e-na-mensagem-para-o-dia-mundial-das-comunicacoes-sociais\/#article","isPartOf":{"@id":"https:\/\/www.kyrioschms.com\/pt\/o-papa-francisco-e-a-tecnologia-nas-jmj-e-na-mensagem-para-o-dia-mundial-das-comunicacoes-sociais\/"},"author":{"name":"PeakIT","@id":"https:\/\/www.kyrioschms.com\/#\/schema\/person\/5d6d2df441ac69db90fa2441b8751107"},"headline":"O Papa Francisco e a tecnologia nas JMJ e na mensagem para o Dia Mundial das Comunica\u00e7\u00f5es Sociais","datePublished":"2019-02-13T10:02:19+00:00","dateModified":"2019-02-13T23:50:06+00:00","mainEntityOfPage":{"@id":"https:\/\/www.kyrioschms.com\/pt\/o-papa-francisco-e-a-tecnologia-nas-jmj-e-na-mensagem-para-o-dia-mundial-das-comunicacoes-sociais\/"},"wordCount":837,"publisher":{"@id":"https:\/\/www.kyrioschms.com\/#organization"},"image":{"@id":"https:\/\/www.kyrioschms.com\/pt\/o-papa-francisco-e-a-tecnologia-nas-jmj-e-na-mensagem-para-o-dia-mundial-das-comunicacoes-sociais\/#primaryimage"},"thumbnailUrl":"https:\/\/i0.wp.com\/www.kyrioschms.com\/wp-content\/uploads\/2019\/02\/papa_francisco.jpg?fit=1024%2C683&ssl=1","articleSection":["Artigos","PT"],"inLanguage":"en-US"},{"@type":"WebPage","@id":"https:\/\/www.kyrioschms.com\/pt\/o-papa-francisco-e-a-tecnologia-nas-jmj-e-na-mensagem-para-o-dia-mundial-das-comunicacoes-sociais\/","url":"https:\/\/www.kyrioschms.com\/pt\/o-papa-francisco-e-a-tecnologia-nas-jmj-e-na-mensagem-para-o-dia-mundial-das-comunicacoes-sociais\/","name":"O Papa Francisco e a tecnologia nas JMJ e na mensagem para o Dia Mundial das Comunica\u00e7\u00f5es Sociais &#8226; Kyrios ChMS - Software de Gest\u00e3o Cloud para a Igreja","isPartOf":{"@id":"https:\/\/www.kyrioschms.com\/#website"},"primaryImageOfPage":{"@id":"https:\/\/www.kyrioschms.com\/pt\/o-papa-francisco-e-a-tecnologia-nas-jmj-e-na-mensagem-para-o-dia-mundial-das-comunicacoes-sociais\/#primaryimage"},"image":{"@id":"https:\/\/www.kyrioschms.com\/pt\/o-papa-francisco-e-a-tecnologia-nas-jmj-e-na-mensagem-para-o-dia-mundial-das-comunicacoes-sociais\/#primaryimage"},"thumbnailUrl":"https:\/\/i0.wp.com\/www.kyrioschms.com\/wp-content\/uploads\/2019\/02\/papa_francisco.jpg?fit=1024%2C683&ssl=1","datePublished":"2019-02-13T10:02:19+00:00","dateModified":"2019-02-13T23:50:06+00:00","breadcrumb":{"@id":"https:\/\/www.kyrioschms.com\/pt\/o-papa-francisco-e-a-tecnologia-nas-jmj-e-na-mensagem-para-o-dia-mundial-das-comunicacoes-sociais\/#breadcrumb"},"inLanguage":"en-US","potentialAction":[{"@type":"ReadAction","target":["https:\/\/www.kyrioschms.com\/pt\/o-papa-francisco-e-a-tecnologia-nas-jmj-e-na-mensagem-para-o-dia-mundial-das-comunicacoes-sociais\/"]}]},{"@type":"ImageObject","inLanguage":"en-US","@id":"https:\/\/www.kyrioschms.com\/pt\/o-papa-francisco-e-a-tecnologia-nas-jmj-e-na-mensagem-para-o-dia-mundial-das-comunicacoes-sociais\/#primaryimage","url":"https:\/\/i0.wp.com\/www.kyrioschms.com\/wp-content\/uploads\/2019\/02\/papa_francisco.jpg?fit=1024%2C683&ssl=1","contentUrl":"https:\/\/i0.wp.com\/www.kyrioschms.com\/wp-content\/uploads\/2019\/02\/papa_francisco.jpg?fit=1024%2C683&ssl=1","width":1024,"height":683},{"@type":"BreadcrumbList","@id":"https:\/\/www.kyrioschms.com\/pt\/o-papa-francisco-e-a-tecnologia-nas-jmj-e-na-mensagem-para-o-dia-mundial-das-comunicacoes-sociais\/#breadcrumb","itemListElement":[{"@type":"ListItem","position":1,"name":"Home","item":"https:\/\/www.kyrioschms.com\/en\/"},{"@type":"ListItem","position":2,"name":"O Papa Francisco e a tecnologia nas JMJ e na mensagem para o Dia Mundial das Comunica\u00e7\u00f5es Sociais"}]},{"@type":"WebSite","@id":"https:\/\/www.kyrioschms.com\/#website","url":"https:\/\/www.kyrioschms.com\/","name":"Kyrios ChMS - Software de Gest\u00e3o Cloud para a Igreja","description":"A solu\u00e7\u00e3o mais completa para a gest\u00e3o e comunica\u00e7\u00e3o da Igreja","publisher":{"@id":"https:\/\/www.kyrioschms.com\/#organization"},"potentialAction":[{"@type":"SearchAction","target":{"@type":"EntryPoint","urlTemplate":"https:\/\/www.kyrioschms.com\/?s={search_term_string}"},"query-input":{"@type":"PropertyValueSpecification","valueRequired":true,"valueName":"search_term_string"}}],"inLanguage":"en-US"},{"@type":"Organization","@id":"https:\/\/www.kyrioschms.com\/#organization","name":"Kyrios ChMS","url":"https:\/\/www.kyrioschms.com\/","logo":{"@type":"ImageObject","inLanguage":"en-US","@id":"https:\/\/www.kyrioschms.com\/#\/schema\/logo\/image\/","url":"https:\/\/i1.wp.com\/www.kyrioschms.com\/wp-content\/uploads\/2018\/04\/kyrios_chms_logo_azulpkt_hd.png?fit=510%2C190&ssl=1","contentUrl":"https:\/\/i1.wp.com\/www.kyrioschms.com\/wp-content\/uploads\/2018\/04\/kyrios_chms_logo_azulpkt_hd.png?fit=510%2C190&ssl=1","width":510,"height":190,"caption":"Kyrios ChMS"},"image":{"@id":"https:\/\/www.kyrioschms.com\/#\/schema\/logo\/image\/"},"sameAs":["https:\/\/www.facebook.com\/kyrioschms\/","https:\/\/www.instagram.com\/kyrioschms\/","https:\/\/www.linkedin.com\/showcase\/kyrios\/","https:\/\/www.youtube.com\/channel\/UC1GRlmM_rtlhm1widYExwkg"]},{"@type":"Person","@id":"https:\/\/www.kyrioschms.com\/#\/schema\/person\/5d6d2df441ac69db90fa2441b8751107","name":"PeakIT"}]}},"jetpack_featured_media_url":"https:\/\/i0.wp.com\/www.kyrioschms.com\/wp-content\/uploads\/2019\/02\/papa_francisco.jpg?fit=1024%2C683&ssl=1","jetpack_sharing_enabled":true,"jetpack_shortlink":"https:\/\/wp.me\/p9TNmE-s9","_links":{"self":[{"href":"http:\/\/www.kyrioschms.com\/en\/wp-json\/wp\/v2\/posts\/1745","targetHints":{"allow":["GET"]}}],"collection":[{"href":"http:\/\/www.kyrioschms.com\/en\/wp-json\/wp\/v2\/posts"}],"about":[{"href":"http:\/\/www.kyrioschms.com\/en\/wp-json\/wp\/v2\/types\/post"}],"author":[{"embeddable":true,"href":"http:\/\/www.kyrioschms.com\/en\/wp-json\/wp\/v2\/users\/1"}],"replies":[{"embeddable":true,"href":"http:\/\/www.kyrioschms.com\/en\/wp-json\/wp\/v2\/comments?post=1745"}],"version-history":[{"count":0,"href":"http:\/\/www.kyrioschms.com\/en\/wp-json\/wp\/v2\/posts\/1745\/revisions"}],"wp:featuredmedia":[{"embeddable":true,"href":"http:\/\/www.kyrioschms.com\/en\/wp-json\/wp\/v2\/media\/1746"}],"wp:attachment":[{"href":"http:\/\/www.kyrioschms.com\/en\/wp-json\/wp\/v2\/media?parent=1745"}],"wp:term":[{"taxonomy":"category","embeddable":true,"href":"http:\/\/www.kyrioschms.com\/en\/wp-json\/wp\/v2\/categories?post=1745"},{"taxonomy":"post_tag","embeddable":true,"href":"http:\/\/www.kyrioschms.com\/en\/wp-json\/wp\/v2\/tags?post=1745"}],"curies":[{"name":"wp","href":"https:\/\/api.w.org\/{rel}","templated":true}]}}